{"id":989,"date":"2013-07-17T15:58:42","date_gmt":"2013-07-17T17:58:42","guid":{"rendered":"http:\/\/www.encontragranjaviana.com.br\/noticias\/?p=989"},"modified":"2025-09-01T11:45:55","modified_gmt":"2025-09-01T13:45:55","slug":"moradores-da-granja-se-unem-em-defesa-do-cemucam","status":"publish","type":"post","link":"https:\/\/www.encontragranjaviana.com.br\/sobre\/moradores-da-granja-se-unem-em-defesa-do-cemucam\/","title":{"rendered":"Moradores da Granja se unem em defesa do Cemucam"},"content":{"rendered":"<div class=\"15401c187b342417d42857c0d7dac0c7\" data-index=\"1\" style=\"float: left; margin: 15px 15px 15px 0;\">\n<!-- EBR \/Novo-Bairro\/ 300x250 - pub-85 -->\r\n<ins class=\"adsbygoogle\"\r\n     style=\"display:inline-block;width:300px;height:250px\"\r\n     data-ad-client=\"ca-pub-8585364105181520\"\r\n     data-ad-slot=\"4691134188\"><\/ins>\r\n<script>\r\n(adsbygoogle = window.adsbygoogle || []).push({});\r\n<\/script>\n<\/div>\n<p>Na manh\u00e3 de 14 de julho, domingo, mais de cem moradores da Granja Viana e regi\u00e3o se reuniram em um piquenique coletivo em defesa do Parque Cemucam. Desde abril v\u00eam ocorrendo discuss\u00f5es sobre a doa\u00e7\u00e3o do parque &#8211; que hoje pertence a S\u00e3o Paulo \u2013 para o Munic\u00edpio de Cotia. Preocupada com o destino do parque caso seja administrado por Cotia, a popula\u00e7\u00e3o est\u00e1 promovendo um abaixo assinado contra a doa\u00e7\u00e3o, organizado pelo MDGV \u2013 Movimento de Defesa da Granja Viana. A proposta \u00e9 reunir assinaturas suficientes para impedir o ato.<\/p>\n<p>As folhas do abaixo assinado est\u00e3o sendo distribu\u00eddas pela internet. Devidamente preenchidas, elas devem ser entregues at\u00e9 o dia 15 de agosto na sede da Papelaria Giusti (Rua Jos\u00e9 F\u00e9lix de Oliveira, 1026, Centro da Granja) ou no <em>Site da Granja<\/em> (Avenida Elias Zarzur, 168, Parque S\u00e3o George).\u00a0Caso algum outro estabelecimento comercial se disponha a receber o abaixo assinado, \u00e9 s\u00f3 entrar em contato pelo e-mail:\u00a0info@granjaviana.com.br<\/p>\n<p>Al\u00e9m da popula\u00e7\u00e3o em si, diversas entidades da sociedade civil participaram do ato. Organiza\u00e7\u00f5es sociais como Transition Granja Viana, o MDGV, o Rotary Club e o grupo Eu Vou de Bike &#8211; ciclistas de Cotia e de S\u00e3o Paulo &#8211; estiveram presentes. Pelo poder p\u00fablico estavam o administrador do parque, Wagner Neves, que j\u00e1 se posicionou contra a doa\u00e7\u00e3o em entrevista ao <em>Site da Granja<\/em> e o vereador paulistano Gilberto Natalini (PV).<\/p>\n<p>Natalini critica veementemente a iniciativa de doa\u00e7\u00e3o e indica raz\u00f5es pol\u00edticas para o ato. Segundo ele a poss\u00edvel transfer\u00eancia seria resultado de uma aproxima\u00e7\u00e3o entre os prefeitos Fernando Haddad (PT) de S\u00e3o Paulo e Carl\u00e3o Camargo (PSDB), de Cotia, iniciada quando ambos assumiram, respectivamente, a presid\u00eancia e a vice-presid\u00eancia do Conselho de Desenvolvimento da Regi\u00e3o Metropolitana de S\u00e3o Paulo (CDRM)<\/p>\n<p>\u201cN\u00e3o h\u00e1 porque o prefeito de S\u00e3o Paulo abrir m\u00e3o deste patrim\u00f4nio, j\u00e1 que boa parte das mudas de \u00e1rvores plantadas em S\u00e3o Paulo v\u00eam daqui. A manuten\u00e7\u00e3o do parque e do viveiro custa para S\u00e3o Paulo um pouco mais de R$100 mil reais por m\u00eas, valor bem abaixo se a Prefeitura comprasse as mudas em viveiros particulares\u201d. Natalini disse ainda que, h\u00e1 60 dias, protocolou um requerimento de informa\u00e7\u00f5es ao Prefeito pedindo esclarecimentos, e que at\u00e9 o momento n\u00e3o obteve resposta.<\/p>\n<p>Essa \u00e9 a mesma posi\u00e7\u00e3o da bi\u00f3loga Mar\u00edlia Ferraz, que fez uma palestra aos presentes sobre a import\u00e2ncia da reserva. \u201cExistem diversas raz\u00f5es para manter o parque sob os cuidados de S\u00e3o Paulo. A primeira \u00e9 que Cotia n\u00e3o tem condi\u00e7\u00f5es financeiras para a manuten\u00e7\u00e3o da reserva de 1.165 milh\u00e3o de terra. A cidade est\u00e1 crescendo de forma desenfreada e quem sofre \u00e9 a natureza&#8221;.<\/p>\n<p>Al\u00e9m da riqueza da flora e da fauna, o Cemucam tamb\u00e9m abriga edifica\u00e7\u00f5es que fazem parte da hist\u00f3ria da regi\u00e3o e cuja manuten\u00e7\u00e3o foi abandonada. Faz parte dos planos do administrador atual, Wagner Neves \u2013 que integra a Prefeitura de S\u00e3o Paulo &#8211; restaurar os dois casar\u00f5es antigos que se encontram dentro do parque para neles promover atividades culturais.<\/p>\n<p>Popula\u00e7\u00e3o preocupada<\/p>\n<p>Os moradores presentes mostraram que n\u00e3o querem a doa\u00e7\u00e3o do parque e do viveiro para a Prefeitura de Cotia. O movimento cresce tamb\u00e9m pela internet e as manifesta\u00e7\u00f5es contra a doa\u00e7\u00e3o s\u00e3o constantes, principalmente nas redes sociais. A maior preocupa\u00e7\u00e3o da popula\u00e7\u00e3o \u00e9 que o parque seja devastado e perca sua fun\u00e7\u00e3o de lazer com preserva\u00e7\u00e3o ambiental. J\u00e1 se falou em trazer o rodeio municipal para o Cemucam, de construir uma concha ac\u00fastica e a sede de uma universidade. H\u00e1 receio at\u00e9 da venda de parte da \u00e1rea para condom\u00ednios.<\/p>\n<p>\u201cMoro h\u00e1 30 anos na Granja e, todos os dias, venho caminhar no <a href=\"https:\/\/cemucam.com\" target=\"_blank\" rel=\"noopener\">Cemucam<\/a>. Conhe\u00e7o cada detalhe, cada flor. Espero realmente que tudo seja preservado e que o novo administrador restaure as \u00e1reas abandonadas e realize projetos culturais como acontece em outros parques\u201d, disse a psic\u00f3loga infantil Neide Janaudis.<\/p>\n<p>Veja onde entregar o abaixo-assinado at\u00e9 15 de agosto.<\/p>\n<p><strong>Papelaria Giusti<\/strong><br \/>\nRua Jos\u00e9 F\u00e9lix de Oliveira, 1026<br \/>\n2\u00aa a s\u00e1bado<br \/>\nTelefone: 4321-2632<\/p>\n<p><strong>Site da Granja<\/strong><br \/>\nEndere\u00e7o: Avenida Elias Zarzur, 168<br \/>\nDe 2\u00aa a 6\u00aa \u2013 hor\u00e1rio comercial<br \/>\nTelefone: 4617-3641<\/p>\n<p><em>Fonte: Site da Granja<\/em><\/p>\n\n<div style=\"font-size: 0px; height: 0px; line-height: 0px; margin: 0; padding: 0; clear: both;\"><\/div>","protected":false},"excerpt":{"rendered":"<p>Na manh\u00e3 de 14 de julho, domingo, mais de cem moradores da Granja Viana e regi\u00e3o se reuniram em um piquenique coletivo em defesa do Parque Cemucam. Desde abril v\u00eam ocorrendo discuss\u00f5es sobre a doa\u00e7\u00e3o do parque &#8211; que hoje pertence a S\u00e3o Paulo \u2013 para o Munic\u00edpio de Cotia. Preocupada com o destino do parque caso seja administrado por Cotia, a popula\u00e7\u00e3o est\u00e1 promovendo um abaixo assinado contra a doa\u00e7\u00e3o, organizado pelo MDGV \u2013 Movimento de Defesa da Granja Viana. A proposta \u00e9 reunir assinaturas suficientes para impedir o ato. As folhas do abaixo assinado est\u00e3o sendo distribu\u00eddas pela <\/p>\n","protected":false},"author":1,"featured_media":0,"comment_status":"open","ping_status":"closed","sticky":false,"template":"","format":"standard","meta":{"footnotes":""},"categories":[6],"tags":[14],"aioseo_notices":[],"_links":{"self":[{"href":"https:\/\/www.encontragranjaviana.com.br\/sobre\/wp-json\/wp\/v2\/posts\/989"}],"collection":[{"href":"https:\/\/www.encontragranjaviana.com.br\/sobre\/wp-json\/wp\/v2\/posts"}],"about":[{"href":"https:\/\/www.encontragranjaviana.com.br\/sobre\/wp-json\/wp\/v2\/types\/post"}],"author":[{"embeddable":true,"href":"https:\/\/www.encontragranjaviana.com.br\/sobre\/wp-json\/wp\/v2\/users\/1"}],"replies":[{"embeddable":true,"href":"https:\/\/www.encontragranjaviana.com.br\/sobre\/wp-json\/wp\/v2\/comments?post=989"}],"version-history":[{"count":0,"href":"https:\/\/www.encontragranjaviana.com.br\/sobre\/wp-json\/wp\/v2\/posts\/989\/revisions"}],"wp:attachment":[{"href":"https:\/\/www.encontragranjaviana.com.br\/sobre\/wp-json\/wp\/v2\/media?parent=989"}],"wp:term":[{"taxonomy":"category","embeddable":true,"href":"https:\/\/www.encontragranjaviana.com.br\/sobre\/wp-json\/wp\/v2\/categories?post=989"},{"taxonomy":"post_tag","embeddable":true,"href":"https:\/\/www.encontragranjaviana.com.br\/sobre\/wp-json\/wp\/v2\/tags?post=989"}],"curies":[{"name":"wp","href":"https:\/\/api.w.org\/{rel}","templated":true}]}}