{"id":980,"date":"2013-07-12T15:15:55","date_gmt":"2013-07-12T17:15:55","guid":{"rendered":"http:\/\/www.encontragranjaviana.com.br\/noticias\/?p=980"},"modified":"2019-04-29T16:22:13","modified_gmt":"2019-04-29T18:22:13","slug":"granja-parque-cemucam-realiza-piquenique-neste-domingo","status":"publish","type":"post","link":"https:\/\/www.encontragranjaviana.com.br\/sobre\/granja-parque-cemucam-realiza-piquenique-neste-domingo\/","title":{"rendered":"Granja: Parque CEMUCAM realiza piquenique neste domingo"},"content":{"rendered":"<div class=\"15401c187b342417d42857c0d7dac0c7\" data-index=\"1\" style=\"float: left; margin: 15px 15px 15px 0;\">\n<!-- EBR \/Novo-Bairro\/ 300x250 - pub-85 -->\r\n<ins class=\"adsbygoogle\"\r\n     style=\"display:inline-block;width:300px;height:250px\"\r\n     data-ad-client=\"ca-pub-8585364105181520\"\r\n     data-ad-slot=\"4691134188\"><\/ins>\r\n<script>\r\n(adsbygoogle = window.adsbygoogle || []).push({});\r\n<\/script>\n<\/div>\n<p>Ser\u00e1 realizado, no dia 14\/07, \u00e0s 11h, um Piquenique no CEMUCAM, na Granja Viana. A proposta \u00e9 apresentar aos moradores da regi\u00e3o quais s\u00e3o os projetos atuais e futuros do atual administrador do parque, Wagner Neves. \u00c9 necess\u00e1rio cada participante levar um quitute.<\/p>\n<p><strong>Servi\u00e7o:<\/strong><\/p>\n<p>Rua Mesopot\u00e2mia, s\/n &#8211; Km 25 da Raposo Tavares &#8211; Jardim Pass\u00e1rgada I &#8211; Cotia &#8211; SP. Telefone: (11) 4702 2126<\/p>\n<p><em>Fonte: Site da Granja<\/em><\/p>\n\n<div style=\"font-size: 0px; height: 0px; line-height: 0px; margin: 0; padding: 0; clear: both;\"><\/div>","protected":false},"excerpt":{"rendered":"<p>Ser\u00e1 realizado, no dia 14\/07, \u00e0s 11h, um Piquenique no CEMUCAM, na Granja Viana. A proposta \u00e9 apresentar aos moradores da regi\u00e3o quais s\u00e3o os projetos atuais e futuros do atual administrador do parque, Wagner Neves. \u00c9 necess\u00e1rio cada participante levar um quitute. Servi\u00e7o: Rua Mesopot\u00e2mia, s\/n &#8211; Km 25 da Raposo Tavares &#8211; Jardim Pass\u00e1rgada I &#8211; Cotia &#8211; SP. Telefone: (11) 4702 2126 Fonte: Site da Granja<\/p>\n","protected":false},"author":1,"featured_media":0,"comment_status":"open","ping_status":"closed","sticky":false,"template":"","format":"standard","meta":{"footnotes":""},"categories":[6],"tags":[14],"aioseo_notices":[],"_links":{"self":[{"href":"https:\/\/www.encontragranjaviana.com.br\/sobre\/wp-json\/wp\/v2\/posts\/980"}],"collection":[{"href":"https:\/\/www.encontragranjaviana.com.br\/sobre\/wp-json\/wp\/v2\/posts"}],"about":[{"href":"https:\/\/www.encontragranjaviana.com.br\/sobre\/wp-json\/wp\/v2\/types\/post"}],"author":[{"embeddable":true,"href":"https:\/\/www.encontragranjaviana.com.br\/sobre\/wp-json\/wp\/v2\/users\/1"}],"replies":[{"embeddable":true,"href":"https:\/\/www.encontragranjaviana.com.br\/sobre\/wp-json\/wp\/v2\/comments?post=980"}],"version-history":[{"count":0,"href":"https:\/\/www.encontragranjaviana.com.br\/sobre\/wp-json\/wp\/v2\/posts\/980\/revisions"}],"wp:attachment":[{"href":"https:\/\/www.encontragranjaviana.com.br\/sobre\/wp-json\/wp\/v2\/media?parent=980"}],"wp:term":[{"taxonomy":"category","embeddable":true,"href":"https:\/\/www.encontragranjaviana.com.br\/sobre\/wp-json\/wp\/v2\/categories?post=980"},{"taxonomy":"post_tag","embeddable":true,"href":"https:\/\/www.encontragranjaviana.com.br\/sobre\/wp-json\/wp\/v2\/tags?post=980"}],"curies":[{"name":"wp","href":"https:\/\/api.w.org\/{rel}","templated":true}]}}