{"id":957,"date":"2013-06-12T10:01:56","date_gmt":"2013-06-12T12:01:56","guid":{"rendered":"http:\/\/www.encontragranjaviana.com.br\/noticias\/?p=957"},"modified":"2019-04-29T16:22:14","modified_gmt":"2019-04-29T18:22:14","slug":"granja-viana-exibicoes-do-espetaculo-infantil-toy-story-sao-canceladas","status":"publish","type":"post","link":"https:\/\/www.encontragranjaviana.com.br\/sobre\/granja-viana-exibicoes-do-espetaculo-infantil-toy-story-sao-canceladas\/","title":{"rendered":"Granja Viana: exibi\u00e7\u00f5es do espet\u00e1culo infantil Toy Story s\u00e3o canceladas"},"content":{"rendered":"<div class=\"15401c187b342417d42857c0d7dac0c7\" data-index=\"1\" style=\"float: left; margin: 15px 15px 15px 0;\">\n<!-- EBR \/Novo-Bairro\/ 300x250 - pub-85 -->\r\n<ins class=\"adsbygoogle\"\r\n     style=\"display:inline-block;width:300px;height:250px\"\r\n     data-ad-client=\"ca-pub-8585364105181520\"\r\n     data-ad-slot=\"4691134188\"><\/ins>\r\n<script>\r\n(adsbygoogle = window.adsbygoogle || []).push({});\r\n<\/script>\n<\/div>\n<p>A temporada da pe\u00e7a\u00a0<em>Est\u00f3ria De Brinquedo &#8211; Incr\u00edvel mundo de Toy Story<\/em>, que entraria em cartaz no pr\u00f3ximo s\u00e1bado (15), no Centro Cultural Wurth, teve suas exibi\u00e7\u00f5es canceladas.\u00a0A organiza\u00e7\u00e3o do evento no bairro da Granja Viana justificou o cancelamento devido a problemas t\u00e9cnicos com a companhia de teatro respons\u00e1vel pela apresenta\u00e7\u00e3o.<\/p>\n<p>Quem j\u00e1 adquiriu ingressos deve entrar em contato com o <a href=\"http:\/\/www.encontragranjaviana.com.br\/granja-viana\/centro-cultural-wurth-na-granja-vianna.shtml\" target=\"_blank\">Centro Cultural Wurt<\/a>h para solicitar o reembolso do valor dos ingressos. O telefone \u00e9 (11) 4612-8100 e o e-mail \u00e9 eventos@wurth.com.br.<\/p>\n\n<div style=\"font-size: 0px; height: 0px; line-height: 0px; margin: 0; padding: 0; clear: both;\"><\/div>","protected":false},"excerpt":{"rendered":"<p>A temporada da pe\u00e7a\u00a0Est\u00f3ria De Brinquedo &#8211; Incr\u00edvel mundo de Toy Story, que entraria em cartaz no pr\u00f3ximo s\u00e1bado (15), no Centro Cultural Wurth, teve suas exibi\u00e7\u00f5es canceladas.\u00a0A organiza\u00e7\u00e3o do evento no bairro da Granja Viana justificou o cancelamento devido a problemas t\u00e9cnicos com a companhia de teatro respons\u00e1vel pela apresenta\u00e7\u00e3o. Quem j\u00e1 adquiriu ingressos deve entrar em contato com o Centro Cultural Wurth para solicitar o reembolso do valor dos ingressos. O telefone \u00e9 (11) 4612-8100 e o e-mail \u00e9 eventos@wurth.com.br.<\/p>\n","protected":false},"author":1,"featured_media":0,"comment_status":"open","ping_status":"closed","sticky":false,"template":"","format":"standard","meta":{"footnotes":""},"categories":[6],"tags":[14],"aioseo_notices":[],"_links":{"self":[{"href":"https:\/\/www.encontragranjaviana.com.br\/sobre\/wp-json\/wp\/v2\/posts\/957"}],"collection":[{"href":"https:\/\/www.encontragranjaviana.com.br\/sobre\/wp-json\/wp\/v2\/posts"}],"about":[{"href":"https:\/\/www.encontragranjaviana.com.br\/sobre\/wp-json\/wp\/v2\/types\/post"}],"author":[{"embeddable":true,"href":"https:\/\/www.encontragranjaviana.com.br\/sobre\/wp-json\/wp\/v2\/users\/1"}],"replies":[{"embeddable":true,"href":"https:\/\/www.encontragranjaviana.com.br\/sobre\/wp-json\/wp\/v2\/comments?post=957"}],"version-history":[{"count":0,"href":"https:\/\/www.encontragranjaviana.com.br\/sobre\/wp-json\/wp\/v2\/posts\/957\/revisions"}],"wp:attachment":[{"href":"https:\/\/www.encontragranjaviana.com.br\/sobre\/wp-json\/wp\/v2\/media?parent=957"}],"wp:term":[{"taxonomy":"category","embeddable":true,"href":"https:\/\/www.encontragranjaviana.com.br\/sobre\/wp-json\/wp\/v2\/categories?post=957"},{"taxonomy":"post_tag","embeddable":true,"href":"https:\/\/www.encontragranjaviana.com.br\/sobre\/wp-json\/wp\/v2\/tags?post=957"}],"curies":[{"name":"wp","href":"https:\/\/api.w.org\/{rel}","templated":true}]}}