{"id":954,"date":"2013-06-11T17:00:47","date_gmt":"2013-06-11T19:00:47","guid":{"rendered":"http:\/\/www.encontragranjaviana.com.br\/noticias\/?p=954"},"modified":"2019-04-29T16:22:14","modified_gmt":"2019-04-29T18:22:14","slug":"prefeitura-de-cotia-realiza-entrega-de-mudas-nativas-da-mata-atlantica-na-granja","status":"publish","type":"post","link":"https:\/\/www.encontragranjaviana.com.br\/sobre\/prefeitura-de-cotia-realiza-entrega-de-mudas-nativas-da-mata-atlantica-na-granja\/","title":{"rendered":"Prefeitura de Cotia realiza entrega de mudas nativas da Mata Atl\u00e2ntica na Granja"},"content":{"rendered":"<div class=\"15401c187b342417d42857c0d7dac0c7\" data-index=\"1\" style=\"float: left; margin: 15px 15px 15px 0;\">\n<!-- EBR \/Novo-Bairro\/ 300x250 - pub-85 -->\r\n<ins class=\"adsbygoogle\"\r\n     style=\"display:inline-block;width:300px;height:250px\"\r\n     data-ad-client=\"ca-pub-8585364105181520\"\r\n     data-ad-slot=\"4691134188\"><\/ins>\r\n<script>\r\n(adsbygoogle = window.adsbygoogle || []).push({});\r\n<\/script>\n<\/div>\n<p>A Prefeitura de Cotia por meio da Secretaria de Desenvolvimento Urbano e Meio Ambiente iniciou na \u00faltima semana uma a\u00e7\u00e3o de incentivo a popula\u00e7\u00e3o para deixar a cidade mais verde. Est\u00e3o sendo entregues nos bairros do munic\u00edpio mudas nativas da Mata Atl\u00e2ntica.<\/p>\n<p>Na sexta-feira (7\/6), um caminh\u00e3o carregado de esp\u00e9cies como Ara\u00e7a, Pitanga, Ip\u00ea Branco, Aroeira Salsa, entre outras, percorreu o centro da cidade. \u201cVamos realizar outra distribui\u00e7\u00e3o ainda nesta semana para que todos tenham a oportunidade de plantar uma muda em sua casa. Num \u00fanico dia de a\u00e7\u00e3o, mais de duzentas esp\u00e9cies foram entregues\u201d, disse a diretora de Meio Ambiente, Patr\u00edcia Machado.<\/p>\n<p>Victor Gorgatti, morador do Jardim Rizo, retirou sua muda e elogiou a iniciativa. \u201cEu teria que comprar essas mudas, mas a Prefeitura entrega sem nenhum custo. \u00c9 uma a\u00e7\u00e3o fant\u00e1stica. Espero que as pessoas aproveitem para deixar sua propriedade mais colorida e o ar mais saud\u00e1vel\u201d.<\/p>\n<p>Durante a distribui\u00e7\u00e3o, funcion\u00e1rios da Secretaria tamb\u00e9m orientaram a popula\u00e7\u00e3o sobre os cuidados com a muda e local adequado para o plantio. Nesta segunda-feira (10\/6), a distribui\u00e7\u00e3o das mudas aconteceu na regi\u00e3o da Granja Viana. Outros bairros dever\u00e3o receber o caminh\u00e3o ainda nesta semana.<\/p>\n<p>Para quem n\u00e3o conseguir retirar sua muda neste m\u00eas de comemora\u00e7\u00e3o ao Meio Ambiente, o Viveiro Parque Curupira localizado na Rua Benedito Isaac Pires, 1105, Bairro Maranh\u00e3o est\u00e1 aberto \u00e0 popula\u00e7\u00e3o para retirada das esp\u00e9cies. Para maiores informa\u00e7\u00f5es, o telefone para contato \u00e9 4616-8929.<\/p>\n<p>A a\u00e7\u00e3o contou com o apoio do Departamento de Tr\u00e2nsito \u2013 Demutran que acompanhou o caminh\u00e3o durante o trajeto.<\/p>\n<p><em>Fonte: Granja News<\/em><\/p>\n\n<div style=\"font-size: 0px; height: 0px; line-height: 0px; margin: 0; padding: 0; clear: both;\"><\/div>","protected":false},"excerpt":{"rendered":"<p>A Prefeitura de Cotia por meio da Secretaria de Desenvolvimento Urbano e Meio Ambiente iniciou na \u00faltima semana uma a\u00e7\u00e3o de incentivo a popula\u00e7\u00e3o para deixar a cidade mais verde. Est\u00e3o sendo entregues nos bairros do munic\u00edpio mudas nativas da Mata Atl\u00e2ntica. Na sexta-feira (7\/6), um caminh\u00e3o carregado de esp\u00e9cies como Ara\u00e7a, Pitanga, Ip\u00ea Branco, Aroeira Salsa, entre outras, percorreu o centro da cidade. \u201cVamos realizar outra distribui\u00e7\u00e3o ainda nesta semana para que todos tenham a oportunidade de plantar uma muda em sua casa. Num \u00fanico dia de a\u00e7\u00e3o, mais de duzentas esp\u00e9cies foram entregues\u201d, disse a diretora de Meio <\/p>\n","protected":false},"author":1,"featured_media":0,"comment_status":"open","ping_status":"closed","sticky":false,"template":"","format":"standard","meta":{"footnotes":""},"categories":[6],"tags":[14],"aioseo_notices":[],"_links":{"self":[{"href":"https:\/\/www.encontragranjaviana.com.br\/sobre\/wp-json\/wp\/v2\/posts\/954"}],"collection":[{"href":"https:\/\/www.encontragranjaviana.com.br\/sobre\/wp-json\/wp\/v2\/posts"}],"about":[{"href":"https:\/\/www.encontragranjaviana.com.br\/sobre\/wp-json\/wp\/v2\/types\/post"}],"author":[{"embeddable":true,"href":"https:\/\/www.encontragranjaviana.com.br\/sobre\/wp-json\/wp\/v2\/users\/1"}],"replies":[{"embeddable":true,"href":"https:\/\/www.encontragranjaviana.com.br\/sobre\/wp-json\/wp\/v2\/comments?post=954"}],"version-history":[{"count":0,"href":"https:\/\/www.encontragranjaviana.com.br\/sobre\/wp-json\/wp\/v2\/posts\/954\/revisions"}],"wp:attachment":[{"href":"https:\/\/www.encontragranjaviana.com.br\/sobre\/wp-json\/wp\/v2\/media?parent=954"}],"wp:term":[{"taxonomy":"category","embeddable":true,"href":"https:\/\/www.encontragranjaviana.com.br\/sobre\/wp-json\/wp\/v2\/categories?post=954"},{"taxonomy":"post_tag","embeddable":true,"href":"https:\/\/www.encontragranjaviana.com.br\/sobre\/wp-json\/wp\/v2\/tags?post=954"}],"curies":[{"name":"wp","href":"https:\/\/api.w.org\/{rel}","templated":true}]}}