{"id":951,"date":"2013-06-11T16:57:40","date_gmt":"2013-06-11T18:57:40","guid":{"rendered":"http:\/\/www.encontragranjaviana.com.br\/noticias\/?p=951"},"modified":"2019-04-29T16:22:14","modified_gmt":"2019-04-29T18:22:14","slug":"granja-recebe-palestra-de-herodoto-barbeiro-e-orquestra-de-valinhos","status":"publish","type":"post","link":"https:\/\/www.encontragranjaviana.com.br\/sobre\/granja-recebe-palestra-de-herodoto-barbeiro-e-orquestra-de-valinhos\/","title":{"rendered":"Granja recebe palestra de Her\u00f3doto Barbeiro e Orquestra de Valinhos"},"content":{"rendered":"<div class=\"15401c187b342417d42857c0d7dac0c7\" data-index=\"1\" style=\"float: left; margin: 15px 15px 15px 0;\">\n<!-- EBR \/Novo-Bairro\/ 300x250 - pub-85 -->\r\n<ins class=\"adsbygoogle\"\r\n     style=\"display:inline-block;width:300px;height:250px\"\r\n     data-ad-client=\"ca-pub-8585364105181520\"\r\n     data-ad-slot=\"4691134188\"><\/ins>\r\n<script>\r\n(adsbygoogle = window.adsbygoogle || []).push({});\r\n<\/script>\n<\/div>\n<p>O Centro Cultural Wurth apresenta dois eventos in\u00e9ditos neste final de semana. Na sexta, dia 14 de junho, o Ciclo de Palestras Corporativas CCW 2013, recebe o palestrante Her\u00f3doto Barbeiro com o tema: \u201cLideran\u00e7a: ferramenta do convencimento e relacionamento\u201d. J\u00e1 no s\u00e1bado (dia 15), acontece a apresenta\u00e7\u00e3o da Orquestra de C\u00e2mara do Col\u00e9gio Visconde de Porto Seguro &#8211; Valinhos, sob reg\u00eancia do Maestro Carlos Fiorini.<\/p>\n<p>O espa\u00e7o que j\u00e1 \u00e9 refer\u00eancia em programa\u00e7\u00e3o cultural na regi\u00e3o, agora promove a segunda edi\u00e7\u00e3o do evento voltado para o meio corporativo. O Ciclo de Palestras busca atender a demanda de empres\u00e1rios e profissionais da regi\u00e3o, que trabalham e\/ou residem em Cotia, com o intuito de oferecer capacita\u00e7\u00e3o e informa\u00e7\u00e3o de qualidade por meio da exposi\u00e7\u00e3o de palestrantes reconhecidos, que abordam temas essenciais para o ambiente empresarial.<\/p>\n<p>Nesta segunda edi\u00e7\u00e3o do evento no bairro da Granja Viana o palestrante Her\u00f3doto Barbeiro, \u00e2ncora do Jornal da Record News e jornalista do R7.com, apresenta seu discurso baseado em seu livro Falar Para Liderar, da editora Saraiva. Segundo o jornalista, a palestra \u00e9 direcionada ao p\u00fabico do mundo corporativo e pessoas que querem desenvolver habilidades de lideran\u00e7a e que para isso precisam dominar a mensagem. Em uma hora de exposi\u00e7\u00e3o e 30 minutos adicionais de debate os participantes poder\u00e3o conhecer os pontos essenciais explorados pelo jornalista sobre o assunto e ainda poder\u00e3o explorar a possibilidade de fortalecer o networking.<\/p>\n<p>J\u00e1 no s\u00e1bado (dia 15), \u00e0s 21h, acontece a apresenta\u00e7\u00e3o da Orquestra de C\u00e2mara do Col\u00e9gio Visconde de Porto Seguro \u2013 Valinhos. O grupo foi criado em 1987 e \u00e9 constitu\u00eddo por professores, pais, alunos e amigos do Col\u00e9gio. Sob reg\u00eancia do Maestro Carlos Fiorini, o repert\u00f3rio do concerto traz obras dos principais compositores da m\u00fasica erudita nacional e internacional, com can\u00e7\u00f5es e trechos de alguns dos mais c\u00e9lebres musicais, incluindo O Fantasma da \u00d3pera e Chicago. Dentre os compositores, encontram-se Leonard Bernstein, George Gershwin, Andrew Lloyd Webber, Charles Chaplin e Cole Porter.<\/p>\n<p><strong>Servi\u00e7o:<\/strong><\/p>\n<p>Ciclo Palestras Corporativas CCW 2013<\/p>\n<p>Palestrante: Her\u00f3doto Barbeiro &#8211; escritor e jornalista\u00a0 da RecordNews e R7.com<\/p>\n<p>Tema: &#8220;Lideran\u00e7a: ferramenta do convencimento e relacionamento<\/p>\n<p>Data: 14 de Junho (sexta-feira)<\/p>\n<p>Hor\u00e1rio: das 8h30 \u00e0s 11h30<\/p>\n<p>Valor: R$ 90,00 com welcome coffee<\/p>\n<p>Vagas limitadas<\/p>\n<p>Inscri\u00e7\u00f5es e Informa\u00e7\u00f5es:\u00a0eventos@wurth.com.br\u00a0ou 4612.8100<\/p>\n<p><strong>Orquestra de C\u00e2mara do Col\u00e9gio Visconde de Porto Seguro, Valinhos<\/strong><\/p>\n<p>Data: 15 de junho (s\u00e1bado)<\/p>\n<p>Hor\u00e1rio: 21h<\/p>\n<p>Valor: R$30 inteira &#8211; R$15 meia entrada<\/p>\n<p>Telefone: 4612-8100<\/p>\n<p>Site: http:\/\/centroculturalwurth.com.br<\/p>\n<p>Ingressos:<\/p>\n<p>\u2022\u00a0\u00a0Ingresso.com (Escolha Cidade Cotia\/Teatro ou Show)<\/p>\n<p>Televendas: 4003-2330<\/p>\n<p>\u2022\u00a0\u00a0Shopping Granja Viana (Piso L1, balc\u00e3o de atendimento)<\/p>\n<p>Telefone: 4613-9030 &#8211; De quinta a s\u00e1bado, das 14h30 \u00e0s 20h30 e domingos das 13h30 \u00e0s 19h30.<\/p>\n<p>\u2022\u00a0Diretamente na bilheteria do Teatro &#8211; 1h antes dos espet\u00e1culos<\/p>\n<p><strong>Centro Cultural Wurth<\/strong><\/p>\n<p>Rua Adolf Wurth, 557 &#8211; Cotia<\/p>\n<p>Telefone: 4612-8100<\/p>\n<p>Estacionamento gratuito<\/p>\n<p>Capacidade: 241 lugares<\/p>\n<p><em>Fonte: Jornal D\u00b4Aqui<\/em><\/p>\n\n<div style=\"font-size: 0px; height: 0px; line-height: 0px; margin: 0; padding: 0; clear: both;\"><\/div>","protected":false},"excerpt":{"rendered":"<p>O Centro Cultural Wurth apresenta dois eventos in\u00e9ditos neste final de semana. Na sexta, dia 14 de junho, o Ciclo de Palestras Corporativas CCW 2013, recebe o palestrante Her\u00f3doto Barbeiro com o tema: \u201cLideran\u00e7a: ferramenta do convencimento e relacionamento\u201d. J\u00e1 no s\u00e1bado (dia 15), acontece a apresenta\u00e7\u00e3o da Orquestra de C\u00e2mara do Col\u00e9gio Visconde de Porto Seguro &#8211; Valinhos, sob reg\u00eancia do Maestro Carlos Fiorini. O espa\u00e7o que j\u00e1 \u00e9 refer\u00eancia em programa\u00e7\u00e3o cultural na regi\u00e3o, agora promove a segunda edi\u00e7\u00e3o do evento voltado para o meio corporativo. O Ciclo de Palestras busca atender a demanda de empres\u00e1rios e profissionais <\/p>\n","protected":false},"author":1,"featured_media":0,"comment_status":"open","ping_status":"closed","sticky":false,"template":"","format":"standard","meta":{"footnotes":""},"categories":[6],"tags":[14],"aioseo_notices":[],"_links":{"self":[{"href":"https:\/\/www.encontragranjaviana.com.br\/sobre\/wp-json\/wp\/v2\/posts\/951"}],"collection":[{"href":"https:\/\/www.encontragranjaviana.com.br\/sobre\/wp-json\/wp\/v2\/posts"}],"about":[{"href":"https:\/\/www.encontragranjaviana.com.br\/sobre\/wp-json\/wp\/v2\/types\/post"}],"author":[{"embeddable":true,"href":"https:\/\/www.encontragranjaviana.com.br\/sobre\/wp-json\/wp\/v2\/users\/1"}],"replies":[{"embeddable":true,"href":"https:\/\/www.encontragranjaviana.com.br\/sobre\/wp-json\/wp\/v2\/comments?post=951"}],"version-history":[{"count":0,"href":"https:\/\/www.encontragranjaviana.com.br\/sobre\/wp-json\/wp\/v2\/posts\/951\/revisions"}],"wp:attachment":[{"href":"https:\/\/www.encontragranjaviana.com.br\/sobre\/wp-json\/wp\/v2\/media?parent=951"}],"wp:term":[{"taxonomy":"category","embeddable":true,"href":"https:\/\/www.encontragranjaviana.com.br\/sobre\/wp-json\/wp\/v2\/categories?post=951"},{"taxonomy":"post_tag","embeddable":true,"href":"https:\/\/www.encontragranjaviana.com.br\/sobre\/wp-json\/wp\/v2\/tags?post=951"}],"curies":[{"name":"wp","href":"https:\/\/api.w.org\/{rel}","templated":true}]}}