{"id":924,"date":"2013-05-24T10:45:44","date_gmt":"2013-05-24T12:45:44","guid":{"rendered":"http:\/\/www.encontragranjaviana.com.br\/noticias\/?p=924"},"modified":"2019-04-29T16:22:15","modified_gmt":"2019-04-29T18:22:15","slug":"granja-viana-recebe-neste-sabado-show-em-tributo-a-paul-mccartney","status":"publish","type":"post","link":"https:\/\/www.encontragranjaviana.com.br\/sobre\/granja-viana-recebe-neste-sabado-show-em-tributo-a-paul-mccartney\/","title":{"rendered":"Granja Viana recebe neste s\u00e1bado show em tributo a Paul McCartney"},"content":{"rendered":"<div class=\"15401c187b342417d42857c0d7dac0c7\" data-index=\"1\" style=\"float: left; margin: 15px 15px 15px 0;\">\n<!-- EBR \/Novo-Bairro\/ 300x250 - pub-85 -->\r\n<ins class=\"adsbygoogle\"\r\n     style=\"display:inline-block;width:300px;height:250px\"\r\n     data-ad-client=\"ca-pub-8585364105181520\"\r\n     data-ad-slot=\"4691134188\"><\/ins>\r\n<script>\r\n(adsbygoogle = window.adsbygoogle || []).push({});\r\n<\/script>\n<\/div>\n<p>A apresenta\u00e7\u00e3o musical do m\u00eas de maio do Centro Cultural Wurth, na cidade de Cotia, promete trazer a magia dos\u00a0<em>Beatles<\/em>\u00a0com o show do grupo\u00a0Paul McCartney Brazilian Tribute\u00a0Act. O espet\u00e1culo acontece neste s\u00e1bado, dia 25 de maio, em \u00fanica apresenta\u00e7\u00e3o. Essa \u00e9 a segunda vez que o grupo se apresenta na Granja e promete novamente levantar novamente o p\u00fablico.<\/p>\n<p>A banda n\u00e3o apresenta apenas um\u00a0<em>cover<\/em>\u00a0do m\u00fasico, mas sim um\u00a0<em>tribute act<\/em>, ou seja, h\u00e1 uma grande preocupa\u00e7\u00e3o com toda a produ\u00e7\u00e3o, escolha das m\u00fasicas e todos os outros detalhes que envolvem a apresenta\u00e7\u00e3o, tornando-a assim muito similar \u00e0 realidade, trazendo de volta a atmosfera de um show real do \u00edcone musical.\u00a0Paul McCartney Brazilian Tribute\u00a0Act<strong>\u00a0<\/strong>\u00e9 a primeira banda cover do Brasil, reconhecida e elogiada pelo grupo de Paul McCartney e aprovada pelo cantor.<\/p>\n<p>Frente \u00e0 banda Paul McCartney Brazilian Tribute Act, est\u00e1 Dinho Santana. O \u201cshowman\u201d toca 7 instrumentos diferentes (assim como Paul McCartney) e apresenta representa\u00e7\u00f5es das falas, brincadeiras, timbres de voz, sotaques, presen\u00e7a de palco, figurinos, entre outros aspectos, que permitem trazer de volta a sensa\u00e7\u00e3o e atmosfera do\u00a0show original do \u00eddolo do rock dos anos 60. O show j\u00e1 foi assistido por mais de 20 mil pessoas e vem sendo sucesso de p\u00fablico e cr\u00edtica. \u201cNosso show \u00e9 mais um teatro do que apenas uma banda. N\u00f3s realmente conseguimos levantar a galera!\u201d, explica o vocalista.<\/p>\n<p>Por esse motivo e a pedidos do p\u00fablico, o grupo Paul McCartney Brazilian Tribute Act retorna ao palco do Teatro Alma Wurth. Desta vez a apresenta\u00e7\u00e3o ser\u00e1 \u00e0s 21h do s\u00e1bado (dia 25 de maio), com apresenta\u00e7\u00e3o de aproximadamente 90 minutos. Venha reviver a atmosfera contagiante desse \u00edcone do rock em um show memor\u00e1vel no Centro Cultural Wurth.<\/p>\n<p><strong><span style=\"text-decoration: underline;\">Ficha T\u00e9cnica:<\/span><\/strong><\/p>\n<p>Dinho Santana (Paul McCartney &#8211; Voz, baixo, piano, viol\u00e3o, guitarra, ukulele e bandolin)<\/p>\n<p>Feeu Moucachen (Rusty Anderson &#8211; Voz, guitarra e viol\u00e3o)<\/p>\n<p>Jhonny Imamura (Bryann Ray &#8211; Voz, guitarra, baixo e viol\u00e3o)<\/p>\n<p>Paulo Canosa (Voz, Bateria e Baixo)<\/p>\n<p>Darff Oliveira &#8211; (Voz, teclado, viol\u00e3o percuss\u00e3o)<\/p>\n<p><strong>Servi\u00e7o no bairro da Granja Viana:<\/strong><\/p>\n<p><strong>Paul McCartney Brazilian Tribute Act<\/strong><\/p>\n<p>Local:<strong>\u00a0<\/strong>Centro Cultural Wurth<\/p>\n<p>Endere\u00e7o: Rua Adolf Wurth, 557 \u2013 Cotia<\/p>\n<p>Telefone: 4612-8100<\/p>\n<p>centroculturalwurth.com.br<\/p>\n<p>Data: Dia\u00a025 de Maio (\u00fanica apresenta\u00e7\u00e3o)<\/p>\n<p>Hor\u00e1rio: S\u00e1bado, \u00e0s 21h<\/p>\n<p>G\u00eanero: Show<\/p>\n<p>Classifica\u00e7\u00e3o: Livre<\/p>\n<p>Dura\u00e7\u00e3o: Aproximadamente 90 minutos<\/p>\n<p>Valor: R$ 40,00 inteira \u2013 R$ 20,00 meia<\/p>\n<p>Estacionamento gratuito<\/p>\n<p>Capacidade:\u00a0241 lugares<\/p>\n<p><strong><span style=\"text-decoration: underline;\">Ingressos:<\/span><\/strong><\/p>\n<p>Ingresso.com (Escolha Cidade Cotia\/Teatro ou Show)<\/p>\n<p>Ingresso.com \/ Televendas: 4003-2330<\/p>\n<p>Shopping Granja Vianna (Piso L1, balc\u00e3o de atendimento) \u2013 Telefone: 4613-9030 \u2013 De quinta a s\u00e1bado, das 14h30 \u00e0s 20h30 e domingos das 13h30 \u00e0s 19h30.<\/p>\n<p>Diretamente na bilheteria do Teatro \u2013 1h antes dos espet\u00e1culos<\/p>\n\n<div style=\"font-size: 0px; height: 0px; line-height: 0px; margin: 0; padding: 0; clear: both;\"><\/div>","protected":false},"excerpt":{"rendered":"<p>A apresenta\u00e7\u00e3o musical do m\u00eas de maio do Centro Cultural Wurth, na cidade de Cotia, promete trazer a magia dos\u00a0Beatles\u00a0com o show do grupo\u00a0Paul McCartney Brazilian Tribute\u00a0Act. O espet\u00e1culo acontece neste s\u00e1bado, dia 25 de maio, em \u00fanica apresenta\u00e7\u00e3o. Essa \u00e9 a segunda vez que o grupo se apresenta na Granja e promete novamente levantar novamente o p\u00fablico. A banda n\u00e3o apresenta apenas um\u00a0cover\u00a0do m\u00fasico, mas sim um\u00a0tribute act, ou seja, h\u00e1 uma grande preocupa\u00e7\u00e3o com toda a produ\u00e7\u00e3o, escolha das m\u00fasicas e todos os outros detalhes que envolvem a apresenta\u00e7\u00e3o, tornando-a assim muito similar \u00e0 realidade, trazendo de volta <\/p>\n","protected":false},"author":1,"featured_media":0,"comment_status":"open","ping_status":"closed","sticky":false,"template":"","format":"standard","meta":{"footnotes":""},"categories":[9],"tags":[14],"aioseo_notices":[],"_links":{"self":[{"href":"https:\/\/www.encontragranjaviana.com.br\/sobre\/wp-json\/wp\/v2\/posts\/924"}],"collection":[{"href":"https:\/\/www.encontragranjaviana.com.br\/sobre\/wp-json\/wp\/v2\/posts"}],"about":[{"href":"https:\/\/www.encontragranjaviana.com.br\/sobre\/wp-json\/wp\/v2\/types\/post"}],"author":[{"embeddable":true,"href":"https:\/\/www.encontragranjaviana.com.br\/sobre\/wp-json\/wp\/v2\/users\/1"}],"replies":[{"embeddable":true,"href":"https:\/\/www.encontragranjaviana.com.br\/sobre\/wp-json\/wp\/v2\/comments?post=924"}],"version-history":[{"count":0,"href":"https:\/\/www.encontragranjaviana.com.br\/sobre\/wp-json\/wp\/v2\/posts\/924\/revisions"}],"wp:attachment":[{"href":"https:\/\/www.encontragranjaviana.com.br\/sobre\/wp-json\/wp\/v2\/media?parent=924"}],"wp:term":[{"taxonomy":"category","embeddable":true,"href":"https:\/\/www.encontragranjaviana.com.br\/sobre\/wp-json\/wp\/v2\/categories?post=924"},{"taxonomy":"post_tag","embeddable":true,"href":"https:\/\/www.encontragranjaviana.com.br\/sobre\/wp-json\/wp\/v2\/tags?post=924"}],"curies":[{"name":"wp","href":"https:\/\/api.w.org\/{rel}","templated":true}]}}