{"id":922,"date":"2013-05-23T17:45:07","date_gmt":"2013-05-23T19:45:07","guid":{"rendered":"http:\/\/www.encontragranjaviana.com.br\/noticias\/?p=922"},"modified":"2019-04-29T16:22:15","modified_gmt":"2019-04-29T18:22:15","slug":"cinemas-da-granja-apresentam-nova-programacao-2","status":"publish","type":"post","link":"https:\/\/www.encontragranjaviana.com.br\/sobre\/cinemas-da-granja-apresentam-nova-programacao-2\/","title":{"rendered":"Cinemas da Granja apresentam nova programa\u00e7\u00e3o"},"content":{"rendered":"<div class=\"15401c187b342417d42857c0d7dac0c7\" data-index=\"1\" style=\"float: left; margin: 15px 15px 15px 0;\">\n<!-- EBR \/Novo-Bairro\/ 300x250 - pub-85 -->\r\n<ins class=\"adsbygoogle\"\r\n     style=\"display:inline-block;width:300px;height:250px\"\r\n     data-ad-client=\"ca-pub-8585364105181520\"\r\n     data-ad-slot=\"4691134188\"><\/ins>\r\n<script>\r\n(adsbygoogle = window.adsbygoogle || []).push({});\r\n<\/script>\n<\/div>\n<p>Confira a programa\u00e7\u00e3o das salas de cinema da Granja Viana entre os dias 24 e 29 de maio.<\/p>\n<p><strong>The Square Granja Viana\u00a0\u2013\u00a0<\/strong>Rodovia Raposo Tavares, Km22 &#8211;\u00a0Granja Viana<\/p>\n<p><strong>Servi\u00e7o no bairro Granja Viana<\/strong><\/p>\n<p><b>Bonitinha, mas ordin\u00e1ria<\/b>\u00a0&#8211; Nac. &#8211; 14h40 &#8211; 17h &#8211; 19h20 &#8211;\u00a021h40 &#8211; 16 anos<\/p>\n<p>Baseado na obra de Nelson Rodrigues, o enredo fala de Edgard,\u00a0que trabalha como subalterno na empresa do milion\u00e1rio Werneck e \u00e9 apaixonado\u00a0por Ritinha, uma mulher simples que trabalha como professora para sustentar a\u00a0m\u00e3e e suas tr\u00eas irm\u00e3s. Um dia Peixoto, genro e funcion\u00e1rio de Werneck, lhe faz\u00a0uma proposta para que se case com Maria Cec\u00edlia, filha do patr\u00e3o. O motivo \u00e9\u00a0que Maria Cec\u00edlia foi violentada e agora precisa de um noivo, mesmo que seja\u00a0comprado. Edgard hesita, mas aceita a proposta. \u00a0A partir de ent\u00e3o ele entra em\u00a0uma grande d\u00favida: deve depositar o cheque e se casar com Maria Cec\u00edlia ou\u00a0ficar com Ritinha, seu grande amor?<\/p>\n<p><b>Faroeste caboclo<\/b>\u00a0&#8211; Nac. &#8211; 14h10 &#8211; 16h40 &#8211; 19h10 &#8211; 21h40 \u00a0&#8211; 14 anos<br \/>\n<b>Giovanni Improtta<\/b>\u00a0&#8211; Nac. &#8211; 20h &#8211; 22h -14 anos<br \/>\n<b>Homem de Ferro 3<\/b>\u00a0&#8211; 3D &#8211; leg. &#8211; 15h &#8211; 19h30 &#8211; 12 anos<br \/>\n<b>Meu p\u00e9 de laranja lima<\/b>\u00a0&#8211; Nac. &#8211; 14h &#8211; 10 anos<br \/>\n<b>O massacre da serra el\u00e9trica &#8211; a lenda continua<\/b>\u00a0&#8211; 3D &#8211; leg.- 17h30 &#8211; 22h &#8211; 18 anos<br \/>\n<b>Reino escondido<\/b>\u00a0&#8211; Dub. &#8211; 14h &#8211; 16h &#8211; 18h &#8211; livre<br \/>\n<b>Somos t\u00e3o jovens<\/b>\u00a0&#8211; Nac. &#8211; 16h &#8211; 18h &#8211; 20h &#8211; 22h\u00a0 &#8211; 14 anos.<br \/>\nDia 29\/05 (quarta-feira) n\u00e3o haver\u00e1 \u00e1s sess\u00f5es das 20h e 22h.<br \/>\n<b>Terapia de risco<\/b>\u00a0&#8211; Leg. &#8211; 14h- 16h30 &#8211; 19h &#8211; 21h30 &#8211; 12 anos.<br \/>\n<b>Velozes e furiosos 6<\/b>\u00a0&#8211; Dub. &#8211; 14h &#8211; \u00a0Leg. : 16h30 &#8211; 19h &#8211; 21h30 &#8211; 14 anos.<\/p>\n<p><strong><strong>Cinemark\u00a0Shopping Granja Vianna<\/strong><\/strong>\u00a0\u2013\u00a0Rodovia Raposo Tavares, Km 23\u00a0&#8211;\u00a0Encontra Granja Viana<strong><br \/>\n<\/strong><\/p>\n<p><b>Reino\u00a0Escondido 3D<\/b>\u00a0&#8211; Dub. &#8211; 12h &#8211; 14h30 &#8211; 17h10 &#8211; 19h40 &#8211; livre<\/p>\n<p>Em Reino Escondido, uma adolescente \u00e9 magicamente transportada para um universo secreto e vai precisar contar com a ajuda dos seres fant\u00e1sticos que o habitam para conseguir salvar o mundo dos humanos e esse novo reino que ela descobriu de uma for\u00e7a maligna, que amea\u00e7a destruir a Terra.<\/p>\n<div><b>Giovanni Improtta<\/b>\u00a0&#8211;\u00a0Nac. &#8211; 13h30 &#8211; 16h &#8211; 18h20 &#8211; 20h50 &#8211; 12 anos<br \/>\n<b>Homem de\u00a0Ferro 3 3D<\/b>\u00a0&#8211; Leg. \u00a0&#8211; 12h40 &#8211; 15h30 &#8211; 18h25 &#8211; 21h30 22h10- 12 anos<b>Homem de Ferro\u00a03<\/b>\u00a0&#8211; Leg. &#8211; 12h15 &#8211; 17h30 &#8211; 12 anos<\/p>\n<p><b>O\u00a0\u00daltimo Exorcismo: Parte 2<\/b>\u00a0&#8211; \u00a0Dub. &#8211; 15h &#8211; 20h30 &#8211; 14 anos<\/p>\n<p><b>Somos T\u00e3o Jovens<\/b>\u00a0&#8211; Nac. &#8211; 13h &#8211; 15h20 &#8211; 17h50 &#8211; 20h20 &#8211; 14 anos<\/p>\n<\/div>\n<p><em>Fonte: Site da Granja<\/em><\/p>\n\n<div style=\"font-size: 0px; height: 0px; line-height: 0px; margin: 0; padding: 0; clear: both;\"><\/div>","protected":false},"excerpt":{"rendered":"<p>Confira a programa\u00e7\u00e3o das salas de cinema da Granja Viana entre os dias 24 e 29 de maio. The Square Granja Viana\u00a0\u2013\u00a0Rodovia Raposo Tavares, Km22 &#8211;\u00a0Granja Viana Servi\u00e7o no bairro Granja Viana Bonitinha, mas ordin\u00e1ria\u00a0&#8211; Nac. &#8211; 14h40 &#8211; 17h &#8211; 19h20 &#8211;\u00a021h40 &#8211; 16 anos Baseado na obra de Nelson Rodrigues, o enredo fala de Edgard,\u00a0que trabalha como subalterno na empresa do milion\u00e1rio Werneck e \u00e9 apaixonado\u00a0por Ritinha, uma mulher simples que trabalha como professora para sustentar a\u00a0m\u00e3e e suas tr\u00eas irm\u00e3s. Um dia Peixoto, genro e funcion\u00e1rio de Werneck, lhe faz\u00a0uma proposta para que se case com Maria <\/p>\n","protected":false},"author":1,"featured_media":0,"comment_status":"open","ping_status":"closed","sticky":false,"template":"","format":"standard","meta":{"footnotes":""},"categories":[18],"tags":[14],"aioseo_notices":[],"_links":{"self":[{"href":"https:\/\/www.encontragranjaviana.com.br\/sobre\/wp-json\/wp\/v2\/posts\/922"}],"collection":[{"href":"https:\/\/www.encontragranjaviana.com.br\/sobre\/wp-json\/wp\/v2\/posts"}],"about":[{"href":"https:\/\/www.encontragranjaviana.com.br\/sobre\/wp-json\/wp\/v2\/types\/post"}],"author":[{"embeddable":true,"href":"https:\/\/www.encontragranjaviana.com.br\/sobre\/wp-json\/wp\/v2\/users\/1"}],"replies":[{"embeddable":true,"href":"https:\/\/www.encontragranjaviana.com.br\/sobre\/wp-json\/wp\/v2\/comments?post=922"}],"version-history":[{"count":0,"href":"https:\/\/www.encontragranjaviana.com.br\/sobre\/wp-json\/wp\/v2\/posts\/922\/revisions"}],"wp:attachment":[{"href":"https:\/\/www.encontragranjaviana.com.br\/sobre\/wp-json\/wp\/v2\/media?parent=922"}],"wp:term":[{"taxonomy":"category","embeddable":true,"href":"https:\/\/www.encontragranjaviana.com.br\/sobre\/wp-json\/wp\/v2\/categories?post=922"},{"taxonomy":"post_tag","embeddable":true,"href":"https:\/\/www.encontragranjaviana.com.br\/sobre\/wp-json\/wp\/v2\/tags?post=922"}],"curies":[{"name":"wp","href":"https:\/\/api.w.org\/{rel}","templated":true}]}}