{"id":905,"date":"2013-05-17T17:27:42","date_gmt":"2013-05-17T19:27:42","guid":{"rendered":"http:\/\/www.encontragranjaviana.com.br\/noticias\/?p=905"},"modified":"2019-04-29T16:22:16","modified_gmt":"2019-04-29T18:22:16","slug":"movimento-de-defesa-da-granja-viana-realiza-palestra-segunda-feira","status":"publish","type":"post","link":"https:\/\/www.encontragranjaviana.com.br\/sobre\/movimento-de-defesa-da-granja-viana-realiza-palestra-segunda-feira\/","title":{"rendered":"Movimento de Defesa da Granja Viana realiza palestra segunda-feira"},"content":{"rendered":"<div class=\"15401c187b342417d42857c0d7dac0c7\" data-index=\"1\" style=\"float: left; margin: 15px 15px 15px 0;\">\n<!-- EBR \/Novo-Bairro\/ 300x250 - pub-85 -->\r\n<ins class=\"adsbygoogle\"\r\n     style=\"display:inline-block;width:300px;height:250px\"\r\n     data-ad-client=\"ca-pub-8585364105181520\"\r\n     data-ad-slot=\"4691134188\"><\/ins>\r\n<script>\r\n(adsbygoogle = window.adsbygoogle || []).push({});\r\n<\/script>\n<\/div>\n<p>O Movimento de Defesa da Granja Viana &#8211;\u00a0MDGV realiza na pr\u00f3xima segunda-feira (20) mais uma reuni\u00e3o para definir propostas do Plano Diretor de Cotia. \u00a0O\u00a0evento\u00a0no bairro da Granja Viana\u00a0ter\u00e1 discuss\u00f5es sobre educa\u00e7\u00e3o.<\/p>\n<p>A reuni\u00e3o ser\u00e1 realizada no \u00a0Espa\u00e7o Vila da Mata, localizado na Avenida S\u00e3o Camilo, 288.<\/p>\n<p><strong>Servi\u00e7o<\/strong><\/p>\n<p>Cotia e o Plano Diretor 2013\/2023<br \/>\n<strong><\/strong><\/p>\n<p><strong>Data:\u00a0<\/strong>20 de maio de 2013<\/p>\n<p><strong>Hor\u00e1rio:\u00a0<\/strong>19h30<br \/>\n<strong><\/strong><\/p>\n<p><strong>Local:\u00a0<\/strong>Espa\u00e7o Vila da Mata<br \/>\n<strong><\/strong><\/p>\n<p>Endere\u00e7o:\u00a0Avenida S\u00e3o Camilo, 288 \u2013\u00a0Encontra Cotia<\/p>\n<p><em>Fonte: Granja News<\/em><\/p>\n\n<div style=\"font-size: 0px; height: 0px; line-height: 0px; margin: 0; padding: 0; clear: both;\"><\/div>","protected":false},"excerpt":{"rendered":"<p>O Movimento de Defesa da Granja Viana &#8211;\u00a0MDGV realiza na pr\u00f3xima segunda-feira (20) mais uma reuni\u00e3o para definir propostas do Plano Diretor de Cotia. \u00a0O\u00a0evento\u00a0no bairro da Granja Viana\u00a0ter\u00e1 discuss\u00f5es sobre educa\u00e7\u00e3o. A reuni\u00e3o ser\u00e1 realizada no \u00a0Espa\u00e7o Vila da Mata, localizado na Avenida S\u00e3o Camilo, 288. Servi\u00e7o Cotia e o Plano Diretor 2013\/2023 Data:\u00a020 de maio de 2013 Hor\u00e1rio:\u00a019h30 Local:\u00a0Espa\u00e7o Vila da Mata Endere\u00e7o:\u00a0Avenida S\u00e3o Camilo, 288 \u2013\u00a0Encontra Cotia Fonte: Granja News<\/p>\n","protected":false},"author":1,"featured_media":0,"comment_status":"open","ping_status":"closed","sticky":false,"template":"","format":"standard","meta":{"footnotes":""},"categories":[6],"tags":[14],"aioseo_notices":[],"_links":{"self":[{"href":"https:\/\/www.encontragranjaviana.com.br\/sobre\/wp-json\/wp\/v2\/posts\/905"}],"collection":[{"href":"https:\/\/www.encontragranjaviana.com.br\/sobre\/wp-json\/wp\/v2\/posts"}],"about":[{"href":"https:\/\/www.encontragranjaviana.com.br\/sobre\/wp-json\/wp\/v2\/types\/post"}],"author":[{"embeddable":true,"href":"https:\/\/www.encontragranjaviana.com.br\/sobre\/wp-json\/wp\/v2\/users\/1"}],"replies":[{"embeddable":true,"href":"https:\/\/www.encontragranjaviana.com.br\/sobre\/wp-json\/wp\/v2\/comments?post=905"}],"version-history":[{"count":0,"href":"https:\/\/www.encontragranjaviana.com.br\/sobre\/wp-json\/wp\/v2\/posts\/905\/revisions"}],"wp:attachment":[{"href":"https:\/\/www.encontragranjaviana.com.br\/sobre\/wp-json\/wp\/v2\/media?parent=905"}],"wp:term":[{"taxonomy":"category","embeddable":true,"href":"https:\/\/www.encontragranjaviana.com.br\/sobre\/wp-json\/wp\/v2\/categories?post=905"},{"taxonomy":"post_tag","embeddable":true,"href":"https:\/\/www.encontragranjaviana.com.br\/sobre\/wp-json\/wp\/v2\/tags?post=905"}],"curies":[{"name":"wp","href":"https:\/\/api.w.org\/{rel}","templated":true}]}}