{"id":903,"date":"2013-05-16T19:06:42","date_gmt":"2013-05-16T21:06:42","guid":{"rendered":"http:\/\/www.encontragranjaviana.com.br\/noticias\/?p=903"},"modified":"2019-04-29T16:22:16","modified_gmt":"2019-04-29T18:22:16","slug":"salas-de-cinema-da-granja-tem-nova-programacao-confira","status":"publish","type":"post","link":"https:\/\/www.encontragranjaviana.com.br\/sobre\/salas-de-cinema-da-granja-tem-nova-programacao-confira\/","title":{"rendered":"Salas de cinema da Granja t\u00eam nova programa\u00e7\u00e3o; confira"},"content":{"rendered":"<div class=\"15401c187b342417d42857c0d7dac0c7\" data-index=\"1\" style=\"float: left; margin: 15px 15px 15px 0;\">\n<!-- EBR \/Novo-Bairro\/ 300x250 - pub-85 -->\r\n<ins class=\"adsbygoogle\"\r\n     style=\"display:inline-block;width:300px;height:250px\"\r\n     data-ad-client=\"ca-pub-8585364105181520\"\r\n     data-ad-slot=\"4691134188\"><\/ins>\r\n<script>\r\n(adsbygoogle = window.adsbygoogle || []).push({});\r\n<\/script>\n<\/div>\n<p>Veja a programa\u00e7\u00e3o das salas de cinema da Granja Viana entre os dias 17 e 23 de maio.<\/p>\n<p><strong>The Square Granja Viana\u00a0\u2013\u00a0<\/strong>Rodovia Raposo Tavares, Km22 &#8211;\u00a0Granja Viana<\/p>\n<p><strong>Servi\u00e7o no bairro Granja Viana<\/strong><\/p>\n<p><strong>Reino Escondido &#8211;\u00a0<\/strong>Dublado\u00a0 14h30, 16h30, 18h30 e 20h30 &#8211; Livre<br \/>\nO professor Bomba dedicou boa parte de sua vida \u00e0s pesquisas por um povo de tamanho diminuto, que vive na floresta e cujos movimentos s\u00e3o r\u00e1pidos demais para serem registrados pelo olho humano. Apesar de ter encontrado alguns ind\u00edcios de que estes seres existem, como armas e selas de p\u00e1ssaros, o professor \u00e9 alvo de piadas no meio cient\u00edfico. Al\u00e9m disto, a dedica\u00e7\u00e3o ao trabalho fez com que seu casamento fosse por \u00e1gua abaixo. Agora, ap\u00f3s o falecimento de sua ex-esposa, sua filha Maria Catarina, ou M.K., como prefere ser chamada, vai morar com ele. A adolescente n\u00e3o gosta nem um pouco de morar perto da floresta e das loucuras do pai e, quando est\u00e1 prestes a ir embora, acaba acidentalmente sendo envolvida no confronto entre os Homens-Folha e os Boggans, os tais seres que seu pai tanto procura. Diminu\u00edda de tamanho pela rainha da floresta, ela agora precisa ajudar o valente Ronin a levar um valioso bot\u00e3o de flor para Nim Galuu.<\/p>\n<p><strong>Giovanni Improtta &#8211;\u00a0<\/strong>Nacional &#8211; 14h40 &#8211; 17h &#8211; 19h20 -21h40 &#8211; 14 anos<\/p>\n<p><strong>Homem de Ferro 3 &#8211;\u00a0<\/strong>Legendado<strong>\u00a0&#8211;\u00a0<\/strong>14h &#8211; 16h30 &#8211; 21h30 &#8211; 12 anos<strong><br \/>\n<\/strong><\/p>\n<p><strong><strong>Uma Ladra sem Limites\u00a0<\/strong><\/strong>&#8211; Legendado &#8211; 19h &#8211; 12 anos<\/p>\n<p><strong>Meu P\u00e9 de Laranja Lima &#8211;\u00a0<\/strong>Nacional &#8211; 14h &#8211; 10 anos<strong><br \/>\n<\/strong><\/p>\n<p><strong><strong>Homem e Ferro 3 &#8211; 3d &#8211; Dublado &#8211; 13h30 &#8211; 16h10<\/strong><\/strong><\/p>\n<p><strong>Homem e Ferro 3 &#8211; 3d &#8211; Legendado &#8211; 18h50 &#8211; 21h20<\/strong><\/p>\n<p><strong>O Massacre da Serra El\u00e9trica &#8211; A Lenda Continua 3d &#8211;\u00a0<\/strong>Dublado<strong>\u00a0&#8211;<\/strong>14h &#8211; 16h &#8211; 18 anos<\/p>\n<p><strong>O Massacre da Serra El\u00e9trica &#8211; A Lenda Continua 3d &#8211;\u00a0<\/strong>Legendado<strong>\u00a0&#8211;<\/strong>18h &#8211; 20h &#8211; 22h &#8211; 18 anos<\/p>\n<p><strong>Somos T\u00e3o Jovens &#8211;\u00a0<\/strong>Nacional &#8211; 16h &#8211; 18h &#8211; 20h &#8211; 22h &#8211; 14 anos<\/p>\n<p><strong>Star Trek &#8211; Al\u00e9m da Escurid\u00e3o 3D &#8211; Pr\u00e9-estr\u00e9ia &#8211;\u00a0<\/strong>Legendado sexta 21h20<\/p>\n<p><strong>Terapia de Risco &#8211;\u00a0<\/strong>Legendado &#8211; 14h10 &#8211; 16h40 -19h10 &#8211; 21h40 &#8211; 12 anos<\/p>\n<p><strong><strong>Cinemark\u00a0Shopping Granja Vianna<\/strong><\/strong>\u00a0\u2013\u00a0Rodovia Raposo Tavares, Km 23\u00a0&#8211;\u00a0Guia da Granja Viana<strong><br \/>\n<\/strong><\/p>\n<p><strong>Giovanni Improtta<\/strong>\u00a0&#8211; Nacional &#8211; 13h30 &#8211; 16h &#8211; 18h20 &#8211; 20h50 &#8211; 14 anos<\/p>\n<p>Giovanni Improtta \u00e9 um contraventor que sonha com a ascens\u00e3o social. Ao saber que a lei dos cassinos est\u00e1 sendo negociada nos bastidores, ele resolve entrar para o ramo. Para limpar sua imagem recorre ao vereador evang\u00e9lico Franklin, que lhe consegue o t\u00edtulo de cidad\u00e3o honor\u00e1rio do Rio de Janeiro. Apesar de ser casado com Marilene, Giovanni mant\u00e9m um caso t\u00f3rrido com Patr\u00edcia, filha de um figur\u00e3o.<\/p>\n<p><strong>O \u00daltimo Exorcismo, Parte 2<\/strong>\u00a0&#8211; Legendado &#8211; 15h -20h30 &#8211; 14 anos<\/p>\n<p><strong>Homem de Ferro 3 3D<\/strong>\u00a0&#8211; Legendado &#8211; 22h10 &#8211; 12 anos<\/p>\n<p><strong>Homem de Ferro 3 3D<\/strong>\u00a0&#8211; Dublado -12h40 &#8211; 15h30 &#8211; 18h25 &#8211; 21h30 -12 anos<\/p>\n<p><strong>Homem de Ferro 3<\/strong>\u00a0&#8211; Legendado &#8211; 12h14 &#8211; 17h30 &#8211; 12 anos<\/p>\n<p><strong>Somos t\u00e3o jovens<\/strong>\u00a0&#8211; nacional &#8211; 13h -15h20 &#8211; 17h50 -20h20 &#8211; 14 anos<\/p>\n<p><strong>Royal Opera House<\/strong>\u00a0&#8211; La Fille Mal Gardee &#8211; Legendado &#8211; 11h -17h &#8211; 19h<\/p>\n<p><strong>Reino Escondido 3D<\/strong>\u00a0&#8211; Dublado &#8211; 12h &#8211; 14h30 17h40 &#8211; 19h10 &#8211; Livre<\/p>\n<p><em>Fonte: Site da Granja<\/em><\/p>\n\n<div style=\"font-size: 0px; height: 0px; line-height: 0px; margin: 0; padding: 0; clear: both;\"><\/div>","protected":false},"excerpt":{"rendered":"<p>Veja a programa\u00e7\u00e3o das salas de cinema da Granja Viana entre os dias 17 e 23 de maio. The Square Granja Viana\u00a0\u2013\u00a0Rodovia Raposo Tavares, Km22 &#8211;\u00a0Granja Viana Servi\u00e7o no bairro Granja Viana Reino Escondido &#8211;\u00a0Dublado\u00a0 14h30, 16h30, 18h30 e 20h30 &#8211; Livre O professor Bomba dedicou boa parte de sua vida \u00e0s pesquisas por um povo de tamanho diminuto, que vive na floresta e cujos movimentos s\u00e3o r\u00e1pidos demais para serem registrados pelo olho humano. Apesar de ter encontrado alguns ind\u00edcios de que estes seres existem, como armas e selas de p\u00e1ssaros, o professor \u00e9 alvo de piadas no meio <\/p>\n","protected":false},"author":1,"featured_media":0,"comment_status":"open","ping_status":"closed","sticky":false,"template":"","format":"standard","meta":{"footnotes":""},"categories":[18],"tags":[14],"aioseo_notices":[],"_links":{"self":[{"href":"https:\/\/www.encontragranjaviana.com.br\/sobre\/wp-json\/wp\/v2\/posts\/903"}],"collection":[{"href":"https:\/\/www.encontragranjaviana.com.br\/sobre\/wp-json\/wp\/v2\/posts"}],"about":[{"href":"https:\/\/www.encontragranjaviana.com.br\/sobre\/wp-json\/wp\/v2\/types\/post"}],"author":[{"embeddable":true,"href":"https:\/\/www.encontragranjaviana.com.br\/sobre\/wp-json\/wp\/v2\/users\/1"}],"replies":[{"embeddable":true,"href":"https:\/\/www.encontragranjaviana.com.br\/sobre\/wp-json\/wp\/v2\/comments?post=903"}],"version-history":[{"count":0,"href":"https:\/\/www.encontragranjaviana.com.br\/sobre\/wp-json\/wp\/v2\/posts\/903\/revisions"}],"wp:attachment":[{"href":"https:\/\/www.encontragranjaviana.com.br\/sobre\/wp-json\/wp\/v2\/media?parent=903"}],"wp:term":[{"taxonomy":"category","embeddable":true,"href":"https:\/\/www.encontragranjaviana.com.br\/sobre\/wp-json\/wp\/v2\/categories?post=903"},{"taxonomy":"post_tag","embeddable":true,"href":"https:\/\/www.encontragranjaviana.com.br\/sobre\/wp-json\/wp\/v2\/tags?post=903"}],"curies":[{"name":"wp","href":"https:\/\/api.w.org\/{rel}","templated":true}]}}