{"id":897,"date":"2013-05-16T18:54:30","date_gmt":"2013-05-16T20:54:30","guid":{"rendered":"http:\/\/www.encontragranjaviana.com.br\/noticias\/?p=897"},"modified":"2019-04-29T16:22:16","modified_gmt":"2019-04-29T18:22:16","slug":"caritas-granja-viana-lanca-livro-de-receitas-beneficente","status":"publish","type":"post","link":"https:\/\/www.encontragranjaviana.com.br\/sobre\/caritas-granja-viana-lanca-livro-de-receitas-beneficente\/","title":{"rendered":"C\u00e1ritas Granja Viana lan\u00e7a livro de receitas beneficente"},"content":{"rendered":"<div class=\"15401c187b342417d42857c0d7dac0c7\" data-index=\"1\" style=\"float: left; margin: 15px 15px 15px 0;\">\n<!-- EBR \/Novo-Bairro\/ 300x250 - pub-85 -->\r\n<ins class=\"adsbygoogle\"\r\n     style=\"display:inline-block;width:300px;height:250px\"\r\n     data-ad-client=\"ca-pub-8585364105181520\"\r\n     data-ad-slot=\"4691134188\"><\/ins>\r\n<script>\r\n(adsbygoogle = window.adsbygoogle || []).push({});\r\n<\/script>\n<\/div>\n<p>A C\u00e1ritas Granja Viana lan\u00e7ou, na noite do dia 10 de maio, o seu livro\u00a0<em>Receitas da Gastronomia Feliz de Moradores da Granja Viana<\/em>. A publica\u00e7\u00e3o teve sua venda iniciada com uma noite de aut\u00f3grafos na livraria Nobel do <a href=\"http:\/\/www.encontragranjaviana.com.br\/granja-viana\/the-square-open-mall-na-granja-vianna.shtml\" target=\"_blank\">The Square Open Mall<\/a>, onde membros do C\u00e1ritas, autores, granjeiros em geral e a imprensa estiveram reunidos para celebrar o lan\u00e7amento.<\/p>\n<p>O livro conta com a colabora\u00e7\u00e3o de um total de 34 autores, entre eles Quinzinho Pedroso, ex-prefeito de Cotia; Luis Gustavo Napolitano, vereador do mesmo munic\u00edpio; e Chris Badra, presidente do C\u00e1ritas. Cada um contribuiu com uma receita.<\/p>\n<p>Segundo Chris, os autores s\u00e3o granjeiros, n\u00e3o necessariamente profissionais da gastronomia, mas que passam momentos felizes cozinhando. \u201cEste projeto \u00e9 um sonho antigo. Quando a Mariane Bagodi (chef que d\u00e1 aulas no curso de gastronomia da C\u00e1ritas e uma das idealizadoras da publica\u00e7\u00e3o) come\u00e7ou a trabalhar conosco, conseguimos faz\u00ea-lo virar realidade\u201d, diz a presidente da entidade.<\/p>\n<p>Durante a sess\u00e3o de aut\u00f3grafos, Chris agradeceu a todos os que colaboraram com o livro, e aproveitou a ocasi\u00e3o para apresentar os novos membros do conselho diretor da C\u00e1ritas. Em seguida, Jo\u00e3o Lino, publicit\u00e1rio e um dos idealizadores do projeto, falou um pouco do livro, da C\u00e1ritas, e saudou a energia dos moradores no bairro. \u201cQuando morava no Campo Belo, eu n\u00e3o conhecia quase ningu\u00e9m. Aqui, mal cheguei e j\u00e1 conheci muita gente\u201d, disse Lino.<\/p>\n<p>Al\u00e9m dos aut\u00f3grafos, os presentes puderam saborear alguns doces feitos por alunos do C\u00e1ritas e ta\u00e7as de vinho oferecidas pela casa.<\/p>\n<p>Toda a renda obtida com a venda do livro ser\u00e1 revertida para a C\u00e1ritas. Al\u00e9m da Nobel do The Square, \u00e9 poss\u00edvel compr\u00e1-lo na Casa di Regalo (Rua Jos\u00e9 F\u00e9lix de Oliveira, 880), no Tantra Granja Viana (Avenida S\u00e3o Camilo, 988), no F\u00e9lix Caf\u00e9 (Rua Jos\u00e9 F\u00e9lix de Oliveira, 1270 &#8211; Loja 01) e na pr\u00f3pria C\u00e1ritas (Rua Nemitala, 372 \u2013 tel: 4702-6466).<\/p>\n<p>A C\u00e1ritas \u00e9 uma institui\u00e7\u00e3o beneficente internacional centen\u00e1ria que chegou \u00e0 Granja Viana em 2009 e oferece cursos profissionalizantes gratuitos e cestas b\u00e1sicas para pessoas carentes, com a condi\u00e7\u00e3o de que elas frequentem os cursos no bairro da Granja Viana. Para o segundo semestre deste ano, a entidade planeja desenvolver um projeto voltado para a terceira idade.<\/p>\n<p>Para ver mais informa\u00e7\u00f5es da C\u00e1ritas, acesse\u00a0caritasgranjaviana.com.br.<\/p>\n<p><em>Fonte: Granja News<\/em><\/p>\n\n<div style=\"font-size: 0px; height: 0px; line-height: 0px; margin: 0; padding: 0; clear: both;\"><\/div>","protected":false},"excerpt":{"rendered":"<p>A C\u00e1ritas Granja Viana lan\u00e7ou, na noite do dia 10 de maio, o seu livro\u00a0Receitas da Gastronomia Feliz de Moradores da Granja Viana. A publica\u00e7\u00e3o teve sua venda iniciada com uma noite de aut\u00f3grafos na livraria Nobel do The Square Open Mall, onde membros do C\u00e1ritas, autores, granjeiros em geral e a imprensa estiveram reunidos para celebrar o lan\u00e7amento. O livro conta com a colabora\u00e7\u00e3o de um total de 34 autores, entre eles Quinzinho Pedroso, ex-prefeito de Cotia; Luis Gustavo Napolitano, vereador do mesmo munic\u00edpio; e Chris Badra, presidente do C\u00e1ritas. Cada um contribuiu com uma receita. Segundo Chris, os <\/p>\n","protected":false},"author":1,"featured_media":0,"comment_status":"open","ping_status":"closed","sticky":false,"template":"","format":"standard","meta":{"footnotes":""},"categories":[6],"tags":[14],"aioseo_notices":[],"_links":{"self":[{"href":"https:\/\/www.encontragranjaviana.com.br\/sobre\/wp-json\/wp\/v2\/posts\/897"}],"collection":[{"href":"https:\/\/www.encontragranjaviana.com.br\/sobre\/wp-json\/wp\/v2\/posts"}],"about":[{"href":"https:\/\/www.encontragranjaviana.com.br\/sobre\/wp-json\/wp\/v2\/types\/post"}],"author":[{"embeddable":true,"href":"https:\/\/www.encontragranjaviana.com.br\/sobre\/wp-json\/wp\/v2\/users\/1"}],"replies":[{"embeddable":true,"href":"https:\/\/www.encontragranjaviana.com.br\/sobre\/wp-json\/wp\/v2\/comments?post=897"}],"version-history":[{"count":0,"href":"https:\/\/www.encontragranjaviana.com.br\/sobre\/wp-json\/wp\/v2\/posts\/897\/revisions"}],"wp:attachment":[{"href":"https:\/\/www.encontragranjaviana.com.br\/sobre\/wp-json\/wp\/v2\/media?parent=897"}],"wp:term":[{"taxonomy":"category","embeddable":true,"href":"https:\/\/www.encontragranjaviana.com.br\/sobre\/wp-json\/wp\/v2\/categories?post=897"},{"taxonomy":"post_tag","embeddable":true,"href":"https:\/\/www.encontragranjaviana.com.br\/sobre\/wp-json\/wp\/v2\/tags?post=897"}],"curies":[{"name":"wp","href":"https:\/\/api.w.org\/{rel}","templated":true}]}}