{"id":870,"date":"2013-05-02T18:04:36","date_gmt":"2013-05-02T20:04:36","guid":{"rendered":"http:\/\/www.encontragranjaviana.com.br\/noticias\/?p=870"},"modified":"2019-04-29T16:22:17","modified_gmt":"2019-04-29T18:22:17","slug":"festival-de-cinema-frances-comeca-nesta-sexta-na-granja-viana","status":"publish","type":"post","link":"https:\/\/www.encontragranjaviana.com.br\/sobre\/festival-de-cinema-frances-comeca-nesta-sexta-na-granja-viana\/","title":{"rendered":"Festival de Cinema franc\u00eas come\u00e7a nesta sexta na Granja Viana"},"content":{"rendered":"<div class=\"15401c187b342417d42857c0d7dac0c7\" data-index=\"1\" style=\"float: left; margin: 15px 15px 15px 0;\">\n<!-- EBR \/Novo-Bairro\/ 300x250 - pub-85 -->\r\n<ins class=\"adsbygoogle\"\r\n     style=\"display:inline-block;width:300px;height:250px\"\r\n     data-ad-client=\"ca-pub-8585364105181520\"\r\n     data-ad-slot=\"4691134188\"><\/ins>\r\n<script>\r\n(adsbygoogle = window.adsbygoogle || []).push({});\r\n<\/script>\n<\/div>\n<p>De 3 a 9 de maio, o Cinespa\u00e7o <a href=\"http:\/\/www.encontragranjaviana.com.br\/granja-viana\/the-square-open-mall-na-granja-vianna.shtml\" target=\"_blank\">The Square Granja Viana<\/a> sediar\u00e1 o Festival Varilux de Cinema Franc\u00eas. O evento no bairro da Granja Viana acontece na Sala 01.<\/p>\n<p><strong>O Festival<\/strong><\/p>\n<p>Com uma meta de p\u00fablico de cem mil espectadores, o Festival Varilux de Cinema Franc\u00eas volta \u00e0s telas dos cinemas brasileiros com o melhor da dramaturgia francesa recente, de 1\u00ba a 16 de maio. Neste ano, o festival chega a 45 cidades e 80 salas de cinema, um aumento de mais de 50% em rela\u00e7\u00e3o ao ano passado que faz desse evento o maior festival de cinema digital do Brasil.<\/p>\n<p>Em 2013, a programa\u00e7\u00e3o in\u00e9dita contar\u00e1 com uma sele\u00e7\u00e3o que representa os filmes de maior impacto das \u00faltimas produ\u00e7\u00f5es da cinematografia francesa, contemplando os mais variados g\u00eaneros, da com\u00e9dia ao thriller. Para mais informa\u00e7\u00f5es sobre os 15 t\u00edtulos que comp\u00f5em o nosso festival de cinema, siga pelo link Filmes, na barra de navega\u00e7\u00e3o.<\/p>\n<p>Um diferencial dessa edi\u00e7\u00e3o \u00e9 que o evento ser\u00e1 dividido em duas fases, de 1\u00ba a 9 de maio em algumas cidades\u00a0(incluindo a cidade de Cotia)\u00a0e de 10 a 16 em outras. O p\u00fablico deve ficar atento \u00e0 programa\u00e7\u00e3o da sua cidade para n\u00e3o perder a oportunidade de ver o melhor do cinema franc\u00eas em premi\u00e8re exclusiva.<\/p>\n<p><strong>Confira a programa\u00e7\u00e3o do Festival na Granja Viaja:<\/strong><\/p>\n<p><strong>Dia 03\/05 (sexta-feira)<\/strong><\/p>\n<p>Anos Incr\u00edveis (T\u00e9l\u00e9 Gaucho)<br \/>\nDe Michel Leclerc, avec F\u00e9lix Moati, Sara Forestier, Eric Elmosnino, Maiwenn, Emmanuelle B\u00e9art.<br \/>\n2012 \u2013 Com\u00e9dia \u2013 1h52<\/p>\n<p>O Homem que ri (L&#8217;homme qui rit)<br \/>\nDe Jean-Pierre Am\u00e9ris, com G\u00e9rard Depardieu, Emmanuelle Seigner, Marc-Andr\u00e9 Grondin.<br \/>\n2012 \u2013 Drama &#8211; 1h33<\/p>\n<p>A datil\u00f3grafa (Populaire)<br \/>\nDe R\u00e9gis Roinsard, com Romain Duris, D\u00e9borah Fran\u00e7ois, B\u00e9r\u00e9nice B\u00e9jot.<br \/>\n2012 \u2013 Com\u00e9dia &#8211; 1h51<\/p>\n<p>Aconteceu em Saint-Tropez (Des gens qui s&#8217;embrassent)<br \/>\nDe Dani\u00e8le Thompson, com Monica Bellucci, Kad Merad, \u00c9ric Elmosnino.<br \/>\n2012 \u2013 Com\u00e9dia \u2013 1h40<\/p>\n<p><strong>Dia 04\/05 (s\u00e1bado)<\/strong><\/p>\n<p>O menino da floresta (Le jour des corneilles)<br \/>\nDe Jean-Christophe Dessaint<br \/>\nCom as voc\u00eas de Jean Reno, Lorant Deutsch, Isabelle Carr\u00e9 e Claude Chabrol<br \/>\n2012 \u2013 Anima\u00e7\u00e3o \u2013 1h35<\/p>\n<p>Camille Claudel 1915 (Camille Claudel 1915)<br \/>\nDe Bruno Dumont, com Juliette Binoche, Jean-Luc Vincent, Robert Leroy<br \/>\n2012 \u2013 Drama \u2013 1h35<\/p>\n<p>Os sabores do Pal\u00e1cio (Les saveurs du Palais)<br \/>\nDe Christian Vincent, com Catherine Frot, Jean d&#8217;Ormesson, Arthur Dupont.<br \/>\n2012 \u2013 Com\u00e9dia \u2013 1h35<\/p>\n<p>Ferrugem e osso (De rouille et d&#8217;os)<br \/>\nDe Jacques Audiard, com Marion Cotillard, Matthias Schoenaerts.<br \/>\n2012 \u2013 Drama\u2013 1h55<\/p>\n<p>Adeus, minha Rainha (Les adieux \u00e0 la Reine)<br \/>\nDe Beno\u00eet Jacquot, com L\u00e9a Seydoux, Diane Kruger, Virginie Ledoyen.<br \/>\n2011 \u2013 Drama \u2013 1h44<\/p>\n<p><strong>Dia 05\/05 (domingo)<\/strong><\/p>\n<p>O menino da floresta (Le jour des corneilles)<br \/>\nDe Jean-Christophe Dessaint<br \/>\nCom as voc\u00eas de Jean Reno, Lorant Deutsch, Isabelle Carr\u00e9 e Claude Chabrol<br \/>\n2012 \u2013 Anima\u00e7\u00e3o \u2013 1h35<\/p>\n<p>Renoir (Renoir)<br \/>\nDe Gilles Bourdos, com Michel Bouquet, Christa Theret, Vincent Rottiers<br \/>\n2012 \u2013 Drama \u2013 1h41<\/p>\n<p>Ferrugem e osso (De rouille et d&#8217;os)<br \/>\nDe Jacques Audiard, com Marion Cotillard, Matthias Schoenaerts.<br \/>\n2012 \u2013 Drama\u2013 1h55<\/p>\n<p>Al\u00e9m do arco-\u00edris (Au bout du conte)<br \/>\nDe Agn\u00e8s Jaoui, com Agathe Bonitzer, Arthur Dupont, Jean-Pierre Bacri<br \/>\n2012 \u2013 Com\u00e9dia &#8211; 1h52<\/p>\n<p>Pedalando com Moli\u00e8re (Alceste \u00e0 Bicyclette)<br \/>\nDe Philippe Le Guay, com Fabrice Luchini, Lambert Wilson.<br \/>\n2011 \u2013 Com\u00e9dia \u2013 1h44<\/p>\n<p><strong>Dia 06\/05 (segunda-feira)<\/strong><\/p>\n<p>Uma Dama em Paris (Une Estonienne \u00e0 Paris)<br \/>\nDe Ilmar Raag, com Jeanne Moreau, Laine Magi, Patrick Pineau<br \/>\n2012 \u2013 Drama \u2013 1h34<\/p>\n<p>A datil\u00f3grafa (Populaire)<br \/>\nDe R\u00e9gis Roinsard, com Romain Duris, D\u00e9borah Fran\u00e7ois, B\u00e9r\u00e9nice B\u00e9jot.<br \/>\n2012 \u2013 Com\u00e9dia &#8211; 1h51<\/p>\n<p>O Homem que ri (L&#8217;homme qui rit)<br \/>\nDe Jean-Pierre Am\u00e9ris, com G\u00e9rard Depardieu, Emmanuelle Seigner, Marc-Andr\u00e9 Grondin.<br \/>\n2012 \u2013 Drama &#8211; 1h33<\/p>\n<p>Camille Claudel 1915 (Camille Claudel 1915)<br \/>\nDe Bruno Dumont, com Juliette Binoche, Jean-Luc Vincent, Robert Leroy<br \/>\n2012 \u2013 Drama \u2013 1h35<\/p>\n<p><strong>Dia 07\/05 (ter\u00e7a-feira)<\/strong><\/p>\n<p>Al\u00e9m do arco-\u00edris (Au bout du conte)<br \/>\nDe Agn\u00e8s Jaoui, com Agathe Bonitzer, Arthur Dupont, Jean-Pierre Bacri<br \/>\n2012 \u2013 Com\u00e9dia &#8211; 1h52<\/p>\n<p>Feito gente grande (Du vent dans mes mollets)<br \/>\nDe Carine Tardieu, com Agn\u00e8s Jaoui, Denis Podalyd\u00e8s, Isabelle Carr\u00e9<br \/>\n2011 \u2013 Com\u00e9dia \u2013 1h29<\/p>\n<p>Renoir (Renoir)<br \/>\nDe Gilles Bourdos, com Michel Bouquet, Christa Theret, Vincent Rottiers<br \/>\n2012 \u2013 Drama \u2013 1h41<\/p>\n<p>Prenda-me (Arr\u00eatez-moi)<br \/>\nDe Jean Paul Lillienfeld, com Sophie Marceau, Miou-Miou, Marc Barb\u00e9<br \/>\n2013 \u2013 Thriller \u2013 1h39<\/p>\n<p><strong>Dia 08\/05 (quarta-feira)<\/strong><\/p>\n<p>Aconteceu em Saint-Tropez (Des gens qui s&#8217;embrassent)<br \/>\nDe Dani\u00e8le Thompson, com Monica Bellucci, Kad Merad, \u00c9ric Elmosnino.<br \/>\n2012 \u2013 Com\u00e9dia \u2013 1h40<\/p>\n<p>Pedalando com Moli\u00e8re (Alceste \u00e0 Bicyclette)<br \/>\nDe Philippe Le Guay, com Fabrice Luchini, Lambert Wilson.<br \/>\n2011 \u2013 Com\u00e9dia \u2013 1h44<\/p>\n<p>Uma Dama em Paris (Une Estonienne \u00e0 Paris)<br \/>\nDe Ilmar Raag, com Jeanne Moreau, Laine Magi, Patrick Pineau<br \/>\n2012 \u2013 Drama \u2013 1h34<\/p>\n<p>Os sabores do Pal\u00e1cio (Les saveurs du Palais)<br \/>\nDe Christian Vincent, com Catherine Frot, Jean d&#8217;Ormesson, Arthur Dupont.<br \/>\n2012 \u2013 Com\u00e9dia \u2013 1h35<\/p>\n<p><strong>Dia 09\/05 (quinta-feira)<\/strong><\/p>\n<p>Prenda-me (Arr\u00eatez-moi)<br \/>\nDe Jean Paul Lillienfeld, com Sophie Marceau, Miou-Miou, Marc Barb\u00e9<br \/>\n2013 \u2013 Thriller \u2013 1h39<\/p>\n<p>Adeus, minha Rainha (Les adieux \u00e0 la Reine)<br \/>\nDe Beno\u00eet Jacquot, com L\u00e9a Seydoux, Diane Kruger, Virginie Ledoyen.<br \/>\n2011 \u2013 Drama \u2013 1h44<\/p>\n<p>Ferrugem e osso (De rouille et d&#8217;os)<br \/>\nDe Jacques Audiard, com Marion Cotillard, Matthias Schoenaerts.<br \/>\n2012 \u2013 Drama\u2013 1h55<\/p>\n<p>Anos Incr\u00edveis (T\u00e9l\u00e9 Gaucho)<br \/>\nDe Michel Leclerc, avec F\u00e9lix Moati, Sara Forestier, Eric Elmosnino, Maiwenn, Emmanuelle B\u00e9art.<br \/>\n2012 \u2013 Com\u00e9dia \u2013 1h52<\/p>\n<p><strong>Mais informa\u00e7\u00f5es:<\/strong><\/p>\n<p>Cinespa\u00e7o Granja Vianna<br \/>\nEndere\u00e7o: Rodovia Raposo Tavares, s\/n. Km22 &#8211; The Square Open Mall, Granja Viana &#8211; Cotia<br \/>\nTelefone:(11) 2898-9625<\/p>\n<p><strong>Servi\u00e7o<\/strong><\/p>\n<p><strong>Festival Varilux de Cinema Franc\u00eas<\/strong><\/p>\n<p><strong>Data:<\/strong>\u00a03 a 9 de maio de 2013<\/p>\n<p><strong>Hor\u00e1rio:<\/strong>\u00a0consulte programa\u00e7\u00e3o<\/p>\n<p><strong>Local:<\/strong>\u00a0The Square Open Mall<\/p>\n<p><strong>Endere\u00e7o:<\/strong>\u00a0Rodovia Raposo Tavares, Km 22 \u2013 sentido Cotia<\/p>\n<p><strong>Site:<\/strong>\u00a0http:\/\/variluxcinefrances.com\/o-festival\/<\/p>\n<p><em>Fonte: Viva Cotia<\/em><\/p>\n\n<div style=\"font-size: 0px; height: 0px; line-height: 0px; margin: 0; padding: 0; clear: both;\"><\/div>","protected":false},"excerpt":{"rendered":"<p>De 3 a 9 de maio, o Cinespa\u00e7o The Square Granja Viana sediar\u00e1 o Festival Varilux de Cinema Franc\u00eas. O evento no bairro da Granja Viana acontece na Sala 01. O Festival Com uma meta de p\u00fablico de cem mil espectadores, o Festival Varilux de Cinema Franc\u00eas volta \u00e0s telas dos cinemas brasileiros com o melhor da dramaturgia francesa recente, de 1\u00ba a 16 de maio. Neste ano, o festival chega a 45 cidades e 80 salas de cinema, um aumento de mais de 50% em rela\u00e7\u00e3o ao ano passado que faz desse evento o maior festival de cinema digital <\/p>\n","protected":false},"author":1,"featured_media":0,"comment_status":"open","ping_status":"closed","sticky":false,"template":"","format":"standard","meta":{"footnotes":""},"categories":[18,6],"tags":[14],"aioseo_notices":[],"_links":{"self":[{"href":"https:\/\/www.encontragranjaviana.com.br\/sobre\/wp-json\/wp\/v2\/posts\/870"}],"collection":[{"href":"https:\/\/www.encontragranjaviana.com.br\/sobre\/wp-json\/wp\/v2\/posts"}],"about":[{"href":"https:\/\/www.encontragranjaviana.com.br\/sobre\/wp-json\/wp\/v2\/types\/post"}],"author":[{"embeddable":true,"href":"https:\/\/www.encontragranjaviana.com.br\/sobre\/wp-json\/wp\/v2\/users\/1"}],"replies":[{"embeddable":true,"href":"https:\/\/www.encontragranjaviana.com.br\/sobre\/wp-json\/wp\/v2\/comments?post=870"}],"version-history":[{"count":0,"href":"https:\/\/www.encontragranjaviana.com.br\/sobre\/wp-json\/wp\/v2\/posts\/870\/revisions"}],"wp:attachment":[{"href":"https:\/\/www.encontragranjaviana.com.br\/sobre\/wp-json\/wp\/v2\/media?parent=870"}],"wp:term":[{"taxonomy":"category","embeddable":true,"href":"https:\/\/www.encontragranjaviana.com.br\/sobre\/wp-json\/wp\/v2\/categories?post=870"},{"taxonomy":"post_tag","embeddable":true,"href":"https:\/\/www.encontragranjaviana.com.br\/sobre\/wp-json\/wp\/v2\/tags?post=870"}],"curies":[{"name":"wp","href":"https:\/\/api.w.org\/{rel}","templated":true}]}}