{"id":850,"date":"2013-04-24T17:05:59","date_gmt":"2013-04-24T19:05:59","guid":{"rendered":"http:\/\/www.encontragranjaviana.com.br\/noticias\/?p=850"},"modified":"2019-04-29T16:22:17","modified_gmt":"2019-04-29T18:22:17","slug":"programacao-cultural-da-granja-em-maio-tem-turma-do-chaves-tributo-a-paul-mccartney-e-show-do-humor","status":"publish","type":"post","link":"https:\/\/www.encontragranjaviana.com.br\/sobre\/programacao-cultural-da-granja-em-maio-tem-turma-do-chaves-tributo-a-paul-mccartney-e-show-do-humor\/","title":{"rendered":"Programa\u00e7\u00e3o cultural da Granja em maio tem Turma do Chaves, tributo a Paul McCartney e show do humor"},"content":{"rendered":"<div class=\"15401c187b342417d42857c0d7dac0c7\" data-index=\"1\" style=\"float: left; margin: 15px 15px 15px 0;\">\n<!-- EBR \/Novo-Bairro\/ 300x250 - pub-85 -->\r\n<ins class=\"adsbygoogle\"\r\n     style=\"display:inline-block;width:300px;height:250px\"\r\n     data-ad-client=\"ca-pub-8585364105181520\"\r\n     data-ad-slot=\"4691134188\"><\/ins>\r\n<script>\r\n(adsbygoogle = window.adsbygoogle || []).push({});\r\n<\/script>\n<\/div>\n<p>O Centro Cultural Wurth divulgou a programa\u00e7\u00e3o das atra\u00e7\u00f5es de maio. No final de semana dos dias 11 e 12 de maio, o espet\u00e1culo infantil \u2018A Turma do Chaves\u2019 apresenta o consagrado sucesso das telinhas.<\/p>\n<p>As crian\u00e7as viver\u00e3o astrapalhadas de uma hist\u00f3ria contada em forma de par\u00f3dia, inspirada na obra de Roberto G\u00f3mez Bola\u00f1os. A nova gera\u00e7\u00e3o de atores de \u2018A Turma do ChavesBrasil\u2019 revive as piadas cl\u00e1ssicas temperadas com brincadeiras atuais.<\/p>\n<p>J\u00e1 na sexta-feira, dia 17 de maio, acontece a grande novidade de 2013: a Primeira de um Ciclo de Palestras Corporativas CCW 2013. O tema da primeira edi\u00e7\u00e3o ser\u00e1 Responsabilidade Social \u2013 A Rela\u00e7\u00e3o do Terceiro Setor e das Empresas: parcerias vantajosas para o neg\u00f3cio e para a sociedade. O evento \u00e9 direcionado para profissionais de empresas e entidades de todos os setores que tenham interesse no assunto. A palestrante Wandreza Ferreira, gerente de Responsabilidade Social Corporativa e Sustentabilidade da Nextel, ir\u00e1 abordar a rela\u00e7\u00e3o entre o segundo e o terceiro setor, al\u00e9m dos benef\u00edcios tanto sociais como de estrat\u00e9gias de neg\u00f3cio.<\/p>\n<p>Os dias 18 e 19 est\u00e3o reservados para os humoristas Renato Tortorelli e Alexandre Porpetone, que apresentam o show de humor \u2018Boa Noite Amigos\u2019. Juntos, os dois comediantes do programa Galera Gol da Transam\u00e9rica trazem um misto de humor ao estilo stand up comedy e interpreta\u00e7\u00e3o de personagens, inclusive o mais famoso deles: Cabrito Tevez, interpretado por Porpetone, no SBT.<\/p>\n<p>A apresenta\u00e7\u00e3o musical do m\u00eas, que acontecer\u00e1 em \u00fanica apresenta\u00e7\u00e3o no dia 25 de maio, promete trazer a magia do pop rock de Paul McCartney de volta ao palco dos granjeiros: o show Paul Mc Cartney Brazilian Tribute Act. A banda n\u00e3o apresenta apenas um cover do m\u00fasico, mas sim um tributo, o que torna a apresenta\u00e7\u00e3o muito similar \u00e0 realidade, trazendo de volta a atmosfera de um show real do \u00edcone musical. Paul Mc Cartney Brazilian Tribute Act \u00e9 a primeira banda cover do Brasil, reconhecida e elogiada inclusive pela banda de Paul Mc Cartney.<\/p>\n<p>Por fim, no feriado de Corpus Christi &#8211; quinta-feira (30 de maio) e s\u00e1bado (1\u00bade junho) &#8211; o Centro Cultural Wurth apresenta uma novidade no segmento teatral. \u00c9 o espet\u00e1culo \u2018G\u00e1latas\u2019, que traz a adapta\u00e7\u00e3o de uma passagem b\u00edblica de forma leve e divertida, traduzida para os dias atuais. Sem perder a ess\u00eancia do texto original e com musicistas em cena, o ap\u00f3stolo Paulo de Tarso e seus companheiros de viagem s\u00e3o representados como \u201cmochileiros\u201d que percorrem as cidades levando as \u201cboas novas\u201d, ou seja, o evangelho de Cristo. Assim a programa\u00e7\u00e3o cultural do m\u00eas de maio est\u00e1 garantida no Centro Cultural Wurth<strong>.\u00a0<\/strong>Aproveite a oportunidade de ter o melhor do teatro pertinho de casa, em um espa\u00e7o privilegiado!<\/p>\n<p><strong>Programa\u00e7\u00e3o de Maio:<\/strong><\/p>\n<p><strong>A Turma do Chaves<\/strong><br \/>\nData: Dias 11 e 12 de Maio<br \/>\nHor\u00e1rio: S\u00e1bado \u00e0s 17h e Domingo \u00e0s 15h<br \/>\nG\u00eanero: Infantil<br \/>\nClassifica\u00e7\u00e3o: Livre<br \/>\nDura\u00e7\u00e3o: 60 minutos<br \/>\nValor: R$ 30,00 inteira \u2013 R$ 15,00 meia<br \/>\nDire\u00e7\u00e3o e Adapta\u00e7\u00e3o: Mileine Aliaga<br \/>\nElenco: Alexandre Batel (Seu Barriga), George Dias (Seu Madruga), Mileine<br \/>\nAliaga (Dona Florinda), Nando Fox (Chaves), Rodrigo Lovato (Prof\u00ba Girafales),<br \/>\nSara Marcolino (Dona Clotilde), Talita Lima (Chiquinha), Thiago Benevides<br \/>\n(Nhonho) e Victor Cassoni (Quico)<br \/>\nSonoplastia e Ilumina\u00e7\u00e3o: Lucas Dallas<br \/>\nRealiza\u00e7\u00e3o: Turma do Chaves Brasil<br \/>\nProdu\u00e7\u00e3o Local: Loucos por Teatro<\/p>\n<p><strong>Ciclo de Palestras Corporativas CCW 2013<\/strong><br \/>\nData: Dia 17 de Maio (sexta-feira)<br \/>\nHor\u00e1rio: das 8h30 \u00e0s 11h30<br \/>\nTema: Responsabilidade Social \u2013 A Rela\u00e7\u00e3o do Terceiro Setor e das Empresas:<br \/>\nparcerias vantajosas para o neg\u00f3cio e para a sociedade<br \/>\nPalestrante: Wandreza Ferreira, gerente de Responsabilidade Social Corporativa<br \/>\ne Sustentabilidade da Nextel<br \/>\nValor: R$ 90,00 com coffee break incluso<br \/>\nVagas limitadas!<br \/>\nInforma\u00e7\u00f5es e Inscri\u00e7\u00f5es:\u00a0eventos@wurth.com.br\u00a0ou 4612.8100<\/p>\n<p><strong>Boa Noite Amigos<\/strong><br \/>\nData: Dias 18 e 19 de Maio<br \/>\nHor\u00e1rio: S\u00e1bado \u00e0s 21h e Domingo \u00e0s 20h<br \/>\nG\u00eanero: Com\u00e9dia\/Humor<br \/>\nClassifica\u00e7\u00e3o: 16 anos<br \/>\nDura\u00e7\u00e3o: 80 minutos<br \/>\nValor: R$ 40,00 inteira \u2013 R$ 20,00 meia<br \/>\nElenco: Renato Tortorelli e Alexandre Porpetone<br \/>\nDire\u00e7\u00e3o: Renato Tortorelli e Alexandre Porpetone<\/p>\n<p><strong>Paul Mc Cartney Brazilian Tribute Act<\/strong><br \/>\nData: Dia 25 de Maio<br \/>\nHor\u00e1rio: S\u00e1bado \u00e0s 21h<br \/>\nG\u00eanero: Show<br \/>\nClassifica\u00e7\u00e3o: Livre<br \/>\nDura\u00e7\u00e3o: Aproximadamente 100 minutos<br \/>\nValor: R$ 40,00 inteira \u2013 R$ 20,00 meia<\/p>\n<p><strong>G\u00e1latas<\/strong><br \/>\nData: 30 de Maio e 01 de Junho (quinta-feira e s\u00e1bado)<br \/>\nHor\u00e1rio: Quinta \u00e0s 16h e s\u00e1bado \u00e0s 18h<br \/>\nG\u00eanero: Com\u00e9dia<br \/>\nClassifica\u00e7\u00e3o: 6 anos<br \/>\nDura\u00e7\u00e3o: 50 minutos<br \/>\nValor: R$ 15,00 (pre\u00e7o \u00fanico \u2013 convites J\u00c1 \u00e0 VENDA)<br \/>\nDire\u00e7\u00e3o geral: Fabiano Moreira<br \/>\nDire\u00e7\u00e3o musical: Rebello Alvarenga<br \/>\nDire\u00e7\u00e3o de produ\u00e7\u00e3o: Mpmidia<br \/>\nProdu\u00e7\u00e3o executiva: Man\u00e1 Consultoria<br \/>\nElenco: Alexandre Paro, Fernando Ara\u00fajo, Jo\u00e3o Alves e Lilly Oliveira<br \/>\nMusicistas: Luana Chacon \u2013 Viola; Nat\u00e1lia Bueno \u2013 Cello; Tha\u00eds Casemiro &#8211;<br \/>\nViolino<\/p>\n<p><strong>Servi\u00e7o no bairro da Granja Viana<\/strong><\/p>\n<p><strong>Centro Cultural Wurth<\/strong><\/p>\n<p><strong>Endere\u00e7o:<\/strong> Rua Adolf Wurth, 557 \u2013 Guia de Cotia<br \/>\n<strong>Telefone:<\/strong> 4612-8100<br \/>\n<strong>Site:<\/strong> centroculturalwurth.com.br<br \/>\nEstacionamento gratuito<br \/>\nCapacidade: 241 lugares<br \/>\nAssessoria de Imprensa: Try Comunica\u00e7\u00e3o<br \/>\nIngressos \u2013 Venda Antecipada e no Dia:<br \/>\n\u2022 Ingresso.com (Escolha Cidade Cotia\/Teatro ou Show)<br \/>\n\u2022 Ingresso.com \/ Televendas: 4003-2330<br \/>\n\u2022 Shopping Granja Vianna (Piso L1, balc\u00e3o de atendimento) \u2013 Telefone:<br \/>\n4613-9030 \u2013 De quinta a s\u00e1bado, das 14h30 \u00e0s 20h30 e domingos das 13h30<br \/>\n\u00e0s 19h30.<br \/>\n\u2022 Diretamente na bilheteria do Teatro \u2013 1h antes dos espet\u00e1culos<\/p>\n<p><em>Fonte: Cotiatododia<\/em><\/p>\n\n<div style=\"font-size: 0px; height: 0px; line-height: 0px; margin: 0; padding: 0; clear: both;\"><\/div>","protected":false},"excerpt":{"rendered":"<p>O Centro Cultural Wurth divulgou a programa\u00e7\u00e3o das atra\u00e7\u00f5es de maio. No final de semana dos dias 11 e 12 de maio, o espet\u00e1culo infantil \u2018A Turma do Chaves\u2019 apresenta o consagrado sucesso das telinhas. As crian\u00e7as viver\u00e3o astrapalhadas de uma hist\u00f3ria contada em forma de par\u00f3dia, inspirada na obra de Roberto G\u00f3mez Bola\u00f1os. A nova gera\u00e7\u00e3o de atores de \u2018A Turma do ChavesBrasil\u2019 revive as piadas cl\u00e1ssicas temperadas com brincadeiras atuais. J\u00e1 na sexta-feira, dia 17 de maio, acontece a grande novidade de 2013: a Primeira de um Ciclo de Palestras Corporativas CCW 2013. O tema da primeira edi\u00e7\u00e3o <\/p>\n","protected":false},"author":1,"featured_media":0,"comment_status":"open","ping_status":"closed","sticky":false,"template":"","format":"standard","meta":{"footnotes":""},"categories":[6],"tags":[14],"aioseo_notices":[],"_links":{"self":[{"href":"https:\/\/www.encontragranjaviana.com.br\/sobre\/wp-json\/wp\/v2\/posts\/850"}],"collection":[{"href":"https:\/\/www.encontragranjaviana.com.br\/sobre\/wp-json\/wp\/v2\/posts"}],"about":[{"href":"https:\/\/www.encontragranjaviana.com.br\/sobre\/wp-json\/wp\/v2\/types\/post"}],"author":[{"embeddable":true,"href":"https:\/\/www.encontragranjaviana.com.br\/sobre\/wp-json\/wp\/v2\/users\/1"}],"replies":[{"embeddable":true,"href":"https:\/\/www.encontragranjaviana.com.br\/sobre\/wp-json\/wp\/v2\/comments?post=850"}],"version-history":[{"count":0,"href":"https:\/\/www.encontragranjaviana.com.br\/sobre\/wp-json\/wp\/v2\/posts\/850\/revisions"}],"wp:attachment":[{"href":"https:\/\/www.encontragranjaviana.com.br\/sobre\/wp-json\/wp\/v2\/media?parent=850"}],"wp:term":[{"taxonomy":"category","embeddable":true,"href":"https:\/\/www.encontragranjaviana.com.br\/sobre\/wp-json\/wp\/v2\/categories?post=850"},{"taxonomy":"post_tag","embeddable":true,"href":"https:\/\/www.encontragranjaviana.com.br\/sobre\/wp-json\/wp\/v2\/tags?post=850"}],"curies":[{"name":"wp","href":"https:\/\/api.w.org\/{rel}","templated":true}]}}