{"id":848,"date":"2013-04-19T12:44:11","date_gmt":"2013-04-19T14:44:11","guid":{"rendered":"http:\/\/www.encontragranjaviana.com.br\/noticias\/?p=848"},"modified":"2019-04-29T16:22:17","modified_gmt":"2019-04-29T18:22:17","slug":"salas-de-cinema-da-granja-tem-nova-programacao-2","status":"publish","type":"post","link":"https:\/\/www.encontragranjaviana.com.br\/sobre\/salas-de-cinema-da-granja-tem-nova-programacao-2\/","title":{"rendered":"Salas de cinema da Granja t\u00eam nova programa\u00e7\u00e3o"},"content":{"rendered":"<div class=\"15401c187b342417d42857c0d7dac0c7\" data-index=\"1\" style=\"float: left; margin: 15px 15px 15px 0;\">\n<!-- EBR \/Novo-Bairro\/ 300x250 - pub-85 -->\r\n<ins class=\"adsbygoogle\"\r\n     style=\"display:inline-block;width:300px;height:250px\"\r\n     data-ad-client=\"ca-pub-8585364105181520\"\r\n     data-ad-slot=\"4691134188\"><\/ins>\r\n<script>\r\n(adsbygoogle = window.adsbygoogle || []).push({});\r\n<\/script>\n<\/div>\n<p>Veja a programa\u00e7\u00e3o das salas de cinema da Granja Viana entre os dias 19 e 25 de abril.<\/p>\n<p><strong>The Square Granja Viana\u00a0\u2013\u00a0<\/strong>Rodovia Raposo Tavares, Km22 &#8211;\u00a0Granja Viana<\/p>\n<p><strong>Servi\u00e7o no bairro Granja Viana<\/strong><\/p>\n<p><b>Therese D.<\/b>\u00a0&#8211; 14h40 &#8211; 17h &#8211; 19h20 &#8211; 21h40<\/p>\n<p>Dire\u00e7\u00e3o: Claude Miller &#8211; Audrey Tautou, Gilles Lellouche, Ana\u00efs Demoustier Sinopse: Fran\u00e7a, d\u00e9cada de 1920. Th\u00e9r\u00e8se, \u00e9 uma ador\u00e1vel e espirituosa jovem mulher que se casa com Bernard Desqueyroux, seu vizinho, transformando assim suas respectivas terras em uma grande propriedade. Bernard tolera a personalidade e as opini\u00f5es fortes de sua brilhante esposa, mas ela logo se v\u00ea sufocada pelo t\u00e9dio de sua vida provincial e pela mediocridade intelectual de seu marido. Ela sonha com o a efervec\u00eancia cultural de Paris e come\u00e7a a procurar uma maneira de revolucionar sua vida.<\/p>\n<p><b>Chamada de Emerg\u00eancia<\/b>&#8211; 14h &#8211; 19h<br \/>\n<b>O Acordo<\/b>\u00a0&#8211; 14h &#8211; 16h30 &#8211; 19h e 21h30<br \/>\n<b>Uma hist\u00f3ria de amor e f\u00faria<\/b>\u00a0&#8211; 15h30 &#8211; 17h -20h30<br \/>\n<b>The Croods<\/b>\u00a0&#8211; 14h<br \/>\n<b>Ginger e Roger<\/b>\u00a0&#8211; 16h &#8211; 18h &#8211; 20h -22h<br \/>\n<b>G.I. Joe- Retalia\u00e7\u00e3o<\/b>\u00a0&#8211; 16h30 &#8211; 21h30<br \/>\n<b>Um porto seguro<\/b>\u00a0&#8211; 14h10 -16h40 &#8211; 19h10 &#8211; 21h40<br \/>\n<b>Meu p\u00e9 de laranja lima<\/b>\u00a0&#8211; 14h &#8211; 16h &#8211; 18h &#8211; 20h -22h<br \/>\n<b>Vai que d\u00e1 certo<\/b>\u00a0&#8211; 13h50 &#8211; 18h30 &#8211; 22h<\/p>\n<p><b>Informa\u00e7\u00f5es: 2898-9625<\/b><\/p>\n<p><strong><strong>Cinemark\u00a0<a href=\"http:\/\/www.encontragranjaviana.com.br\/granja-viana\/shopping-granja-vianna.shtml\" target=\"_blank\">Shopping Granja Vianna<\/a><\/strong><\/strong>\u00a0\u2013\u00a0Rodovia Raposo Tavares, Km 23\u00a0&#8211;\u00a0Guia da Granja Viana<strong><br \/>\n<\/strong><\/p>\n<p><b>Meu p\u00e9 de laranja lima\u00a0<\/b>&#8211; 13h40 &#8211; 16h15 &#8211; 18h30 &#8211; 20h50<\/p>\n<p>Zez\u00e9 \u00e9 um garoto de 8 anos que, apesar de levado, tem um bom cora\u00e7\u00e3o. Ele leva uma vida bem modesta, devido ao fato de que seu pai est\u00e1 desempregado h\u00e1 bastante tempo, e tem o costume de ter longas conversas com um p\u00e9 de laranja lima que fica no quintal de sua casa. At\u00e9 que, um dia, conhece Portuga, um senhor que passa a ajud\u00e1-lo e logo se torna seu melhor amigo.<\/p>\n<p><b>G.I. Joe- Retalia\u00e7\u00e3o<\/b>\u00a0&#8211; 16h10<br \/>\n<b>Homem de Ferro<\/b>\u00a0&#8211; pr\u00e9-estr\u00e9ia &#8211; meia noite<br \/>\n<b>Jack &#8211; O ca\u00e7ador de gigantes<\/b>\u00a0&#8211; 14h55 &#8211; 22h20<br \/>\n<b>Oblivion<\/b>\u00a0&#8211; 13h20 &#8211; 19h -21h20<br \/>\n<b>Os Croods<\/b>\u00a0&#8211; 12h40 -17h40 &#8211; 20h<br \/>\n<b>Royal Opera House: Fausto<\/b>\u00a0&#8211; 16h-17h-19h<br \/>\n<b>Um porto seguro<\/b>\u00a0&#8211; 13h10 &#8211; 15h50 &#8211; 18h25 &#8211; 21h10<\/p>\n<p><em>Fonte: Site da Granja<\/em><\/p>\n\n<div style=\"font-size: 0px; height: 0px; line-height: 0px; margin: 0; padding: 0; clear: both;\"><\/div>","protected":false},"excerpt":{"rendered":"<p>Veja a programa\u00e7\u00e3o das salas de cinema da Granja Viana entre os dias 19 e 25 de abril. The Square Granja Viana\u00a0\u2013\u00a0Rodovia Raposo Tavares, Km22 &#8211;\u00a0Granja Viana Servi\u00e7o no bairro Granja Viana Therese D.\u00a0&#8211; 14h40 &#8211; 17h &#8211; 19h20 &#8211; 21h40 Dire\u00e7\u00e3o: Claude Miller &#8211; Audrey Tautou, Gilles Lellouche, Ana\u00efs Demoustier Sinopse: Fran\u00e7a, d\u00e9cada de 1920. Th\u00e9r\u00e8se, \u00e9 uma ador\u00e1vel e espirituosa jovem mulher que se casa com Bernard Desqueyroux, seu vizinho, transformando assim suas respectivas terras em uma grande propriedade. Bernard tolera a personalidade e as opini\u00f5es fortes de sua brilhante esposa, mas ela logo se v\u00ea sufocada pelo <\/p>\n","protected":false},"author":1,"featured_media":0,"comment_status":"open","ping_status":"closed","sticky":false,"template":"","format":"standard","meta":{"footnotes":""},"categories":[18],"tags":[14],"aioseo_notices":[],"_links":{"self":[{"href":"https:\/\/www.encontragranjaviana.com.br\/sobre\/wp-json\/wp\/v2\/posts\/848"}],"collection":[{"href":"https:\/\/www.encontragranjaviana.com.br\/sobre\/wp-json\/wp\/v2\/posts"}],"about":[{"href":"https:\/\/www.encontragranjaviana.com.br\/sobre\/wp-json\/wp\/v2\/types\/post"}],"author":[{"embeddable":true,"href":"https:\/\/www.encontragranjaviana.com.br\/sobre\/wp-json\/wp\/v2\/users\/1"}],"replies":[{"embeddable":true,"href":"https:\/\/www.encontragranjaviana.com.br\/sobre\/wp-json\/wp\/v2\/comments?post=848"}],"version-history":[{"count":0,"href":"https:\/\/www.encontragranjaviana.com.br\/sobre\/wp-json\/wp\/v2\/posts\/848\/revisions"}],"wp:attachment":[{"href":"https:\/\/www.encontragranjaviana.com.br\/sobre\/wp-json\/wp\/v2\/media?parent=848"}],"wp:term":[{"taxonomy":"category","embeddable":true,"href":"https:\/\/www.encontragranjaviana.com.br\/sobre\/wp-json\/wp\/v2\/categories?post=848"},{"taxonomy":"post_tag","embeddable":true,"href":"https:\/\/www.encontragranjaviana.com.br\/sobre\/wp-json\/wp\/v2\/tags?post=848"}],"curies":[{"name":"wp","href":"https:\/\/api.w.org\/{rel}","templated":true}]}}