{"id":84,"date":"2010-12-16T17:16:03","date_gmt":"2010-12-16T19:16:03","guid":{"rendered":"http:\/\/www.encontragranjaviana.com.br\/noticias\/?p=84"},"modified":"2019-04-29T16:24:21","modified_gmt":"2019-04-29T18:24:21","slug":"novo-condominio-chega-prometendo-sustentabilidade-e-recuperacao-de-fauna-da-granja-viana","status":"publish","type":"post","link":"https:\/\/www.encontragranjaviana.com.br\/sobre\/novo-condominio-chega-prometendo-sustentabilidade-e-recuperacao-de-fauna-da-granja-viana\/","title":{"rendered":"Novo condominio chega prometendo sustentabilidade e recupera\u00e7\u00e3o de fauna da Granja Viana"},"content":{"rendered":"<div class=\"15401c187b342417d42857c0d7dac0c7\" data-index=\"1\" style=\"float: left; margin: 15px 15px 15px 0;\">\n<!-- EBR \/Novo-Bairro\/ 300x250 - pub-85 -->\r\n<ins class=\"adsbygoogle\"\r\n     style=\"display:inline-block;width:300px;height:250px\"\r\n     data-ad-client=\"ca-pub-8585364105181520\"\r\n     data-ad-slot=\"4691134188\"><\/ins>\r\n<script>\r\n(adsbygoogle = window.adsbygoogle || []).push({});\r\n<\/script>\n<\/div>\n<p>Depois de uma tentativa frustrada e um tanto tumultuada de implantar um residencial em Cotia, no inicio da d\u00e9cada, na mata da Granja Carolina, a construtora Scopel se aproxima novamente da cidade. E desta vez com novo conceito, o da sustentabilidade, uma das maiores preocupa\u00e7\u00f5es dos moradores da Granja Viana.<\/p>\n<p>Durante um almo\u00e7o, na semana passada, a empresa, dirigida por Ciro Schmeil, que atua h\u00e1 44 anos no mercado da constru\u00e7\u00e3o civil, apresentou o residencial Santa Maria Nature, na Estrada Fernando Nobre, em Jandira, divisa com a Granja Viana.<\/p>\n<p>Com 680 mil metros quadrados de \u00e1rea total, o empreendimento de alto padr\u00e3o, ser\u00e1 desenvolvido em parceria coma a ECP Engenharia, Consultoria &amp; Planejamento Ambiental dirigida pelos granjeiros Jo\u00e3o Batista e Fl\u00e1vio Galv\u00e3o. Ser\u00e3o 414 lotes de no m\u00ednimo 560 metros cada, onde devem morar cerca de duas mil pessoas, com ocupa\u00e7\u00e3o total a longo prazo.<\/p>\n<p>&#8220;A inten\u00e7\u00e3o \u00e9 que os empreendimentos ofere\u00e7am um ambiente natural melhor do que o que se v\u00ea hoje, com o resgate do potencial de biodiversidade da regi\u00e3o&#8221;, destaca Flavio Galv\u00e3o.<\/p>\n<p>Eles n\u00e3o querem correr o risco de chegar com a fama de destruidores do verde da Granja Viana e tomam cuidados que podem fazer a diferen\u00e7a, como manejo da fauna e flora, recupera\u00e7\u00e3o das nascentes e cria\u00e7\u00e3o de viveiros, alem do plantio de 27 mil \u00e1rvores nativas e \u00e1rea para lazer completo, com academia equipada, pra\u00e7as tem\u00e1ticas, quadras de t\u00eanis e poliesportiva, esta\u00e7\u00f5es de gin\u00e1stica, piscinas, playground e quiosques gourmet.<\/p>\n<p>Segundo Fl\u00e1vio Galv\u00e3o, a regi\u00e3o est\u00e1 muito degradada e ter\u00e1 de ser recuperada e chegar ao mais pr\u00f3ximo do que existia originalmente. &#8220;o espa\u00e7o n\u00e3o ser\u00e1 exatamente igual ao que existia antes da ocupa\u00e7\u00e3o humana, em virtude das muitas modifica\u00e7\u00f5es que ocorreram na regi\u00e3o, como, por exemplo, o plantio de \u00e1rvores e esp\u00e9cies ex\u00f3ticas (n\u00e3o nativas do pa\u00eds).<\/p>\n<p>&#8220;Precisamos criar uma onde generativa na regi\u00e3o&#8221;, diz Jo\u00e3o Batista, combatendo o antigo formato de empreendedores que chegam \u00e0 Granja Viana, derrubando matas e destruindo fauna e flora. Ao comprar um lote, o morador receber\u00e1 uma esp\u00e9cie de cartilha sustent\u00e1vel, um material de educa\u00e7\u00e3o ambiental completo com dossi\u00ea e folders, contendo recomenda\u00e7\u00f5es e sugest\u00f5es como informa\u00e7\u00f5es e orienta\u00e7\u00f5es como os tipos de \u00e1rvores mais adequadas para plantar no lote, visando atrair p\u00e1ssaros de determinada esp\u00e9cie.<\/p>\n<p>&#8220;\u00c9 preciso entender que o local n\u00e3o ser\u00e1 apenas um empreendimento, ser\u00e1 uma filosofia de vida. A integra\u00e7\u00e3o do homem com a natureza ser\u00e1 verdadeira. Imagine viver num lugar em que seu filho poder\u00e1 ver um tucano ao vivo e em cores. Quem cresce num ambiente assim n\u00e3o quer que seja diferente&#8221;, justifica Flavio Galv\u00e3o Filho, diretor da ECP Ambiental.<\/p>\n<p><em>Fonte: Cotia Todo Dia<\/em><\/p>\n\n<div style=\"font-size: 0px; height: 0px; line-height: 0px; margin: 0; padding: 0; clear: both;\"><\/div>","protected":false},"excerpt":{"rendered":"<p>Depois de uma tentativa frustrada e um tanto tumultuada de implantar um residencial em Cotia, no inicio da d\u00e9cada, na mata da Granja Carolina, a construtora Scopel se aproxima novamente da cidade. E desta vez com novo conceito, o da sustentabilidade, uma das maiores preocupa\u00e7\u00f5es dos moradores da Granja Viana. Durante um almo\u00e7o, na semana passada, a empresa, dirigida por Ciro Schmeil, que atua h\u00e1 44 anos no mercado da constru\u00e7\u00e3o civil, apresentou o residencial Santa Maria Nature, na Estrada Fernando Nobre, em Jandira, divisa com a Granja Viana. Com 680 mil metros quadrados de \u00e1rea total, o empreendimento de <\/p>\n","protected":false},"author":1,"featured_media":0,"comment_status":"open","ping_status":"closed","sticky":false,"template":"","format":"standard","meta":{"footnotes":""},"categories":[6],"tags":[],"aioseo_notices":[],"_links":{"self":[{"href":"https:\/\/www.encontragranjaviana.com.br\/sobre\/wp-json\/wp\/v2\/posts\/84"}],"collection":[{"href":"https:\/\/www.encontragranjaviana.com.br\/sobre\/wp-json\/wp\/v2\/posts"}],"about":[{"href":"https:\/\/www.encontragranjaviana.com.br\/sobre\/wp-json\/wp\/v2\/types\/post"}],"author":[{"embeddable":true,"href":"https:\/\/www.encontragranjaviana.com.br\/sobre\/wp-json\/wp\/v2\/users\/1"}],"replies":[{"embeddable":true,"href":"https:\/\/www.encontragranjaviana.com.br\/sobre\/wp-json\/wp\/v2\/comments?post=84"}],"version-history":[{"count":0,"href":"https:\/\/www.encontragranjaviana.com.br\/sobre\/wp-json\/wp\/v2\/posts\/84\/revisions"}],"wp:attachment":[{"href":"https:\/\/www.encontragranjaviana.com.br\/sobre\/wp-json\/wp\/v2\/media?parent=84"}],"wp:term":[{"taxonomy":"category","embeddable":true,"href":"https:\/\/www.encontragranjaviana.com.br\/sobre\/wp-json\/wp\/v2\/categories?post=84"},{"taxonomy":"post_tag","embeddable":true,"href":"https:\/\/www.encontragranjaviana.com.br\/sobre\/wp-json\/wp\/v2\/tags?post=84"}],"curies":[{"name":"wp","href":"https:\/\/api.w.org\/{rel}","templated":true}]}}