{"id":821,"date":"2013-04-04T10:08:15","date_gmt":"2013-04-04T12:08:15","guid":{"rendered":"http:\/\/www.encontragranjaviana.com.br\/noticias\/?p=821"},"modified":"2019-04-29T16:22:17","modified_gmt":"2019-04-29T18:22:17","slug":"granja-tera-feirinha-de-adocao-de-caes-neste-domingo","status":"publish","type":"post","link":"https:\/\/www.encontragranjaviana.com.br\/sobre\/granja-tera-feirinha-de-adocao-de-caes-neste-domingo\/","title":{"rendered":"Granja ter\u00e1 feirinha de ado\u00e7\u00e3o de c\u00e3es neste domingo"},"content":{"rendered":"<div class=\"15401c187b342417d42857c0d7dac0c7\" data-index=\"1\" style=\"float: left; margin: 15px 15px 15px 0;\">\n<!-- EBR \/Novo-Bairro\/ 300x250 - pub-85 -->\r\n<ins class=\"adsbygoogle\"\r\n     style=\"display:inline-block;width:300px;height:250px\"\r\n     data-ad-client=\"ca-pub-8585364105181520\"\r\n     data-ad-slot=\"4691134188\"><\/ins>\r\n<script>\r\n(adsbygoogle = window.adsbygoogle || []).push({});\r\n<\/script>\n<\/div>\n<p>Neste domingo (7), a Granja Viana recebe a Feirinha de Ado\u00e7\u00e3o de Patinhas da Liberdade. O\u00a0evento\u00a0ser\u00e1 realizado no estacionamento do supermercado P\u00e3o de A\u00e7\u00facar, localizado na\u00a0altura do km 23,5 da\u00a0Rodovia Raposo Tavares. A ado\u00e7\u00e3o ser\u00e1 permitida somente para maiores de 18 anos.<\/p>\n<p><strong>Evento no bairro Granja Viana<\/strong><\/p>\n<p><strong>Feirinha de Ado\u00e7\u00e3o de Patinhas da Liberdade<\/strong><\/p>\n<p><strong>Data:<\/strong>\u00a07 de abril de 2013<\/p>\n<p><strong>Hor\u00e1rio:<\/strong>\u00a0das 10h \u00e0s 16h<\/p>\n<p><strong>Local:<\/strong>\u00a0estacionamento aberto do P\u00e3o de A\u00e7\u00facar da Granja Viana<\/p>\n<p><strong>Endere\u00e7o:<\/strong> altura do km23,5 da Rodovia Raposo Tavares \u2013 sentido SP-Cotia<\/p>\n<p><strong>Informa\u00e7\u00f5es:\u00a0<\/strong>patinhasdaliberdade.com.br<\/p>\n\n<div style=\"font-size: 0px; height: 0px; line-height: 0px; margin: 0; padding: 0; clear: both;\"><\/div>","protected":false},"excerpt":{"rendered":"<p>Neste domingo (7), a Granja Viana recebe a Feirinha de Ado\u00e7\u00e3o de Patinhas da Liberdade. O\u00a0evento\u00a0ser\u00e1 realizado no estacionamento do supermercado P\u00e3o de A\u00e7\u00facar, localizado na\u00a0altura do km 23,5 da\u00a0Rodovia Raposo Tavares. A ado\u00e7\u00e3o ser\u00e1 permitida somente para maiores de 18 anos. Evento no bairro Granja Viana Feirinha de Ado\u00e7\u00e3o de Patinhas da Liberdade Data:\u00a07 de abril de 2013 Hor\u00e1rio:\u00a0das 10h \u00e0s 16h Local:\u00a0estacionamento aberto do P\u00e3o de A\u00e7\u00facar da Granja Viana Endere\u00e7o: altura do km23,5 da Rodovia Raposo Tavares \u2013 sentido SP-Cotia Informa\u00e7\u00f5es:\u00a0patinhasdaliberdade.com.br<\/p>\n","protected":false},"author":1,"featured_media":0,"comment_status":"open","ping_status":"closed","sticky":false,"template":"","format":"standard","meta":{"footnotes":""},"categories":[6],"tags":[14],"aioseo_notices":[],"_links":{"self":[{"href":"https:\/\/www.encontragranjaviana.com.br\/sobre\/wp-json\/wp\/v2\/posts\/821"}],"collection":[{"href":"https:\/\/www.encontragranjaviana.com.br\/sobre\/wp-json\/wp\/v2\/posts"}],"about":[{"href":"https:\/\/www.encontragranjaviana.com.br\/sobre\/wp-json\/wp\/v2\/types\/post"}],"author":[{"embeddable":true,"href":"https:\/\/www.encontragranjaviana.com.br\/sobre\/wp-json\/wp\/v2\/users\/1"}],"replies":[{"embeddable":true,"href":"https:\/\/www.encontragranjaviana.com.br\/sobre\/wp-json\/wp\/v2\/comments?post=821"}],"version-history":[{"count":0,"href":"https:\/\/www.encontragranjaviana.com.br\/sobre\/wp-json\/wp\/v2\/posts\/821\/revisions"}],"wp:attachment":[{"href":"https:\/\/www.encontragranjaviana.com.br\/sobre\/wp-json\/wp\/v2\/media?parent=821"}],"wp:term":[{"taxonomy":"category","embeddable":true,"href":"https:\/\/www.encontragranjaviana.com.br\/sobre\/wp-json\/wp\/v2\/categories?post=821"},{"taxonomy":"post_tag","embeddable":true,"href":"https:\/\/www.encontragranjaviana.com.br\/sobre\/wp-json\/wp\/v2\/tags?post=821"}],"curies":[{"name":"wp","href":"https:\/\/api.w.org\/{rel}","templated":true}]}}