{"id":818,"date":"2013-04-05T10:00:02","date_gmt":"2013-04-05T12:00:02","guid":{"rendered":"http:\/\/www.encontragranjaviana.com.br\/noticias\/?p=818"},"modified":"2019-04-29T16:22:17","modified_gmt":"2019-04-29T18:22:17","slug":"ecofeira-granja-viana-de-abril-tera-homenagem-a-cidade-de-cotia","status":"publish","type":"post","link":"https:\/\/www.encontragranjaviana.com.br\/sobre\/ecofeira-granja-viana-de-abril-tera-homenagem-a-cidade-de-cotia\/","title":{"rendered":"Ecofeira Granja Viana de abril ter\u00e1 homenagem \u00e0 cidade de Cotia"},"content":{"rendered":"<div class=\"15401c187b342417d42857c0d7dac0c7\" data-index=\"1\" style=\"float: left; margin: 15px 15px 15px 0;\">\n<!-- EBR \/Novo-Bairro\/ 300x250 - pub-85 -->\r\n<ins class=\"adsbygoogle\"\r\n     style=\"display:inline-block;width:300px;height:250px\"\r\n     data-ad-client=\"ca-pub-8585364105181520\"\r\n     data-ad-slot=\"4691134188\"><\/ins>\r\n<script>\r\n(adsbygoogle = window.adsbygoogle || []).push({});\r\n<\/script>\n<\/div>\n<p>Realizada na <a href=\"http:\/\/www.encontragranjaviana.com.br\/granja-viana\/paroquia-santo-antonio-na-granja-viana.shtml\" target=\"_blank\">Par\u00f3quia Santo Ant\u00f4nio<\/a>, a pr\u00f3xima <a href=\"http:\/\/www.encontragranjaviana.com.br\/granja-viana\/ecofeira-na-granja-viana.shtml\" target=\"_blank\">Ecofeira Granja Viana<\/a> contar\u00e1 com uma programa\u00e7\u00e3o em comemora\u00e7\u00e3o aos 157 anos da cidade de Cotia. Como de costume, o visitante poder\u00e1 comprar verduras, legumes e cogumelos fresquinhos e org\u00e2nicos da nossa regi\u00e3o, e participar da tradicional Feira AUescambAU (feira de trocas).<\/p>\n<p><strong>Servi\u00e7o no bairro Granja Viana<\/strong><\/p>\n<p><strong>Ecofeira Granja Viana<\/strong><\/p>\n<p><b>Data: <\/b>14 de abril de 2013 (domingo)<b><br \/>\n<\/b><\/p>\n<p><b>Hor\u00e1rio: <\/b>das 9 \u00e0s 14 horas<b><br \/>\n<\/b><\/p>\n<p><b>Local: <\/b>Par\u00f3quia\u00a0Santo Antonio<\/p>\n<p><b>Endere\u00e7o: <\/b>Rua Santo Antonio, 486 \u2013 Rodovia Raposo Tavares, km 24,5<\/p>\n\n<div style=\"font-size: 0px; height: 0px; line-height: 0px; margin: 0; padding: 0; clear: both;\"><\/div>","protected":false},"excerpt":{"rendered":"<p>Realizada na Par\u00f3quia Santo Ant\u00f4nio, a pr\u00f3xima Ecofeira Granja Viana contar\u00e1 com uma programa\u00e7\u00e3o em comemora\u00e7\u00e3o aos 157 anos da cidade de Cotia. Como de costume, o visitante poder\u00e1 comprar verduras, legumes e cogumelos fresquinhos e org\u00e2nicos da nossa regi\u00e3o, e participar da tradicional Feira AUescambAU (feira de trocas). Servi\u00e7o no bairro Granja Viana Ecofeira Granja Viana Data: 14 de abril de 2013 (domingo) Hor\u00e1rio: das 9 \u00e0s 14 horas Local: Par\u00f3quia\u00a0Santo Antonio Endere\u00e7o: Rua Santo Antonio, 486 \u2013 Rodovia Raposo Tavares, km 24,5<\/p>\n","protected":false},"author":1,"featured_media":0,"comment_status":"open","ping_status":"closed","sticky":false,"template":"","format":"standard","meta":{"footnotes":""},"categories":[6],"tags":[14],"aioseo_notices":[],"_links":{"self":[{"href":"https:\/\/www.encontragranjaviana.com.br\/sobre\/wp-json\/wp\/v2\/posts\/818"}],"collection":[{"href":"https:\/\/www.encontragranjaviana.com.br\/sobre\/wp-json\/wp\/v2\/posts"}],"about":[{"href":"https:\/\/www.encontragranjaviana.com.br\/sobre\/wp-json\/wp\/v2\/types\/post"}],"author":[{"embeddable":true,"href":"https:\/\/www.encontragranjaviana.com.br\/sobre\/wp-json\/wp\/v2\/users\/1"}],"replies":[{"embeddable":true,"href":"https:\/\/www.encontragranjaviana.com.br\/sobre\/wp-json\/wp\/v2\/comments?post=818"}],"version-history":[{"count":0,"href":"https:\/\/www.encontragranjaviana.com.br\/sobre\/wp-json\/wp\/v2\/posts\/818\/revisions"}],"wp:attachment":[{"href":"https:\/\/www.encontragranjaviana.com.br\/sobre\/wp-json\/wp\/v2\/media?parent=818"}],"wp:term":[{"taxonomy":"category","embeddable":true,"href":"https:\/\/www.encontragranjaviana.com.br\/sobre\/wp-json\/wp\/v2\/categories?post=818"},{"taxonomy":"post_tag","embeddable":true,"href":"https:\/\/www.encontragranjaviana.com.br\/sobre\/wp-json\/wp\/v2\/tags?post=818"}],"curies":[{"name":"wp","href":"https:\/\/api.w.org\/{rel}","templated":true}]}}