{"id":768,"date":"2013-03-11T18:03:55","date_gmt":"2013-03-11T20:03:55","guid":{"rendered":"http:\/\/www.encontragranjaviana.com.br\/noticias\/?p=768"},"modified":"2019-04-29T16:22:36","modified_gmt":"2019-04-29T18:22:36","slug":"carreta-atravessa-a-pista-dar-raposo-tavares-na-regiao-da-granja-viana","status":"publish","type":"post","link":"https:\/\/www.encontragranjaviana.com.br\/sobre\/carreta-atravessa-a-pista-dar-raposo-tavares-na-regiao-da-granja-viana\/","title":{"rendered":"Carreta atravessa pista da Raposo Tavares na regi\u00e3o da Granja Viana"},"content":{"rendered":"<div class=\"15401c187b342417d42857c0d7dac0c7\" data-index=\"1\" style=\"float: left; margin: 15px 15px 15px 0;\">\n<!-- EBR \/Novo-Bairro\/ 300x250 - pub-85 -->\r\n<ins class=\"adsbygoogle\"\r\n     style=\"display:inline-block;width:300px;height:250px\"\r\n     data-ad-client=\"ca-pub-8585364105181520\"\r\n     data-ad-slot=\"4691134188\"><\/ins>\r\n<script>\r\n(adsbygoogle = window.adsbygoogle || []).push({});\r\n<\/script>\n<\/div>\n<p>Oito dias ap\u00f3s um caminh\u00e3o tombar na altura do km 22 da Raposo Tavares, mais uma carreta se envolveu em um acidente na regi\u00e3o da\u00a0Granja Viana. Desta vez um ve\u00edculo ficou atravessado no canteiro central da pista na altura no km 23, em frente ao supermercado Walmart. O acidente ocorreu por volta das 14h desta segunda-feira (11), provocando interdi\u00e7\u00f5es nos dois sentidos da via.<\/p>\n<p>O bloqueio causa um longo congestionamento na rodovia Raposo Tavares. \u00c0s 17h, j\u00e1 s\u00e3o mais de 10 km de lentid\u00e3o. De acordo com o Departamento de Estradas de Rodagem (DER), ainda n\u00e3o h\u00e1 previs\u00e3o para as faixas serem liberadas.<\/p>\n<p><em>*Not\u00edcia enviada pela leitora Camila Cristina Corr\u00eaa. Participe voc\u00ea tamb\u00e9m das publica\u00e7\u00f5es do Blog Not\u00edcias da Granja Viana enviando informa\u00e7\u00f5es para o e-mail noticias@encontra.com.br.<\/em><\/p>\n\n<div style=\"font-size: 0px; height: 0px; line-height: 0px; margin: 0; padding: 0; clear: both;\"><\/div>","protected":false},"excerpt":{"rendered":"<p>Oito dias ap\u00f3s um caminh\u00e3o tombar na altura do km 22 da Raposo Tavares, mais uma carreta se envolveu em um acidente na regi\u00e3o da\u00a0Granja Viana. Desta vez um ve\u00edculo ficou atravessado no canteiro central da pista na altura no km 23, em frente ao supermercado Walmart. O acidente ocorreu por volta das 14h desta segunda-feira (11), provocando interdi\u00e7\u00f5es nos dois sentidos da via. O bloqueio causa um longo congestionamento na rodovia Raposo Tavares. \u00c0s 17h, j\u00e1 s\u00e3o mais de 10 km de lentid\u00e3o. De acordo com o Departamento de Estradas de Rodagem (DER), ainda n\u00e3o h\u00e1 previs\u00e3o para as <\/p>\n","protected":false},"author":1,"featured_media":0,"comment_status":"open","ping_status":"closed","sticky":false,"template":"","format":"standard","meta":{"footnotes":""},"categories":[6],"tags":[14],"aioseo_notices":[],"_links":{"self":[{"href":"https:\/\/www.encontragranjaviana.com.br\/sobre\/wp-json\/wp\/v2\/posts\/768"}],"collection":[{"href":"https:\/\/www.encontragranjaviana.com.br\/sobre\/wp-json\/wp\/v2\/posts"}],"about":[{"href":"https:\/\/www.encontragranjaviana.com.br\/sobre\/wp-json\/wp\/v2\/types\/post"}],"author":[{"embeddable":true,"href":"https:\/\/www.encontragranjaviana.com.br\/sobre\/wp-json\/wp\/v2\/users\/1"}],"replies":[{"embeddable":true,"href":"https:\/\/www.encontragranjaviana.com.br\/sobre\/wp-json\/wp\/v2\/comments?post=768"}],"version-history":[{"count":0,"href":"https:\/\/www.encontragranjaviana.com.br\/sobre\/wp-json\/wp\/v2\/posts\/768\/revisions"}],"wp:attachment":[{"href":"https:\/\/www.encontragranjaviana.com.br\/sobre\/wp-json\/wp\/v2\/media?parent=768"}],"wp:term":[{"taxonomy":"category","embeddable":true,"href":"https:\/\/www.encontragranjaviana.com.br\/sobre\/wp-json\/wp\/v2\/categories?post=768"},{"taxonomy":"post_tag","embeddable":true,"href":"https:\/\/www.encontragranjaviana.com.br\/sobre\/wp-json\/wp\/v2\/tags?post=768"}],"curies":[{"name":"wp","href":"https:\/\/api.w.org\/{rel}","templated":true}]}}