{"id":732,"date":"2013-02-20T19:15:07","date_gmt":"2013-02-20T21:15:07","guid":{"rendered":"http:\/\/www.encontragranjaviana.com.br\/noticias\/?p=732"},"modified":"2019-04-29T16:22:37","modified_gmt":"2019-04-29T18:22:37","slug":"granja-recebe-palestra-gratuita-sobre-nutricao-funcional-nesta-quinta","status":"publish","type":"post","link":"https:\/\/www.encontragranjaviana.com.br\/sobre\/granja-recebe-palestra-gratuita-sobre-nutricao-funcional-nesta-quinta\/","title":{"rendered":"Granja recebe palestra gratuita sobre nutri\u00e7\u00e3o funcional nesta quinta"},"content":{"rendered":"<div class=\"15401c187b342417d42857c0d7dac0c7\" data-index=\"1\" style=\"float: left; margin: 15px 15px 15px 0;\">\n<!-- EBR \/Novo-Bairro\/ 300x250 - pub-85 -->\r\n<ins class=\"adsbygoogle\"\r\n     style=\"display:inline-block;width:300px;height:250px\"\r\n     data-ad-client=\"ca-pub-8585364105181520\"\r\n     data-ad-slot=\"4691134188\"><\/ins>\r\n<script>\r\n(adsbygoogle = window.adsbygoogle || []).push({});\r\n<\/script>\n<\/div>\n<p>O Espa\u00e7o PSC \u2013 Preven\u00e7\u00e3o, Sa\u00fade, Cuidado &#8211; recebe nesta quinta-feira (21) a palestra \u201cNutri\u00e7\u00e3o Funcional, um novo conceito para sua vida\u201d, que ser\u00e1 ministrada por Andrea Juski, nutricionista e especialista em fisiologia do exerc\u00edcio, obesidade e emagrecimento.<\/p>\n<p>Segundo a especialista, Nutri\u00e7\u00e3o Funcional \u00e9 um novo conceito de vida em que longevidade, sa\u00fade, beleza, equil\u00edbrio emocional, equil\u00edbrio hormonal e o prazer s\u00e3o descobertos e aplicados por meio de um programa detalhado e sob medida com a realidade de cada pessoa que busca cuidar da sua sa\u00fade.<\/p>\n<p>A palestra \u00e9 gratuita mas as vagas s\u00e3o limitadas. Inscri\u00e7\u00f5es pelo telefone\u00a0 4702-0130.<\/p>\n<p><strong>Servi\u00e7o no bairro da Granja Viana<\/strong><\/p>\n<p>Palestra: Nutri\u00e7\u00e3o Funcional, um novo conceito para sua vida<br \/>\nData: 21\/02\/2013 \u2013 Quinta-feira<br \/>\nHor\u00e1rios: 15 e 18 horas<br \/>\nLocal: Espa\u00e7o PSC &#8211; Rua Adib Auada, 414<br \/>\nCasa 2 &#8211; Granja Viana &#8211; Guia de Cotia<br \/>\nVagas limitadas &#8211;\u00a0Inscri\u00e7\u00f5es e informa\u00e7\u00f5es: 4702-0130<\/p>\n<p><em>Fonte: Cotiatododia<\/em><\/p>\n\n<div style=\"font-size: 0px; height: 0px; line-height: 0px; margin: 0; padding: 0; clear: both;\"><\/div>","protected":false},"excerpt":{"rendered":"<p>O Espa\u00e7o PSC \u2013 Preven\u00e7\u00e3o, Sa\u00fade, Cuidado &#8211; recebe nesta quinta-feira (21) a palestra \u201cNutri\u00e7\u00e3o Funcional, um novo conceito para sua vida\u201d, que ser\u00e1 ministrada por Andrea Juski, nutricionista e especialista em fisiologia do exerc\u00edcio, obesidade e emagrecimento. Segundo a especialista, Nutri\u00e7\u00e3o Funcional \u00e9 um novo conceito de vida em que longevidade, sa\u00fade, beleza, equil\u00edbrio emocional, equil\u00edbrio hormonal e o prazer s\u00e3o descobertos e aplicados por meio de um programa detalhado e sob medida com a realidade de cada pessoa que busca cuidar da sua sa\u00fade. A palestra \u00e9 gratuita mas as vagas s\u00e3o limitadas. Inscri\u00e7\u00f5es pelo telefone\u00a0 4702-0130. Servi\u00e7o <\/p>\n","protected":false},"author":1,"featured_media":0,"comment_status":"open","ping_status":"closed","sticky":false,"template":"","format":"standard","meta":{"footnotes":""},"categories":[6],"tags":[14],"aioseo_notices":[],"_links":{"self":[{"href":"https:\/\/www.encontragranjaviana.com.br\/sobre\/wp-json\/wp\/v2\/posts\/732"}],"collection":[{"href":"https:\/\/www.encontragranjaviana.com.br\/sobre\/wp-json\/wp\/v2\/posts"}],"about":[{"href":"https:\/\/www.encontragranjaviana.com.br\/sobre\/wp-json\/wp\/v2\/types\/post"}],"author":[{"embeddable":true,"href":"https:\/\/www.encontragranjaviana.com.br\/sobre\/wp-json\/wp\/v2\/users\/1"}],"replies":[{"embeddable":true,"href":"https:\/\/www.encontragranjaviana.com.br\/sobre\/wp-json\/wp\/v2\/comments?post=732"}],"version-history":[{"count":0,"href":"https:\/\/www.encontragranjaviana.com.br\/sobre\/wp-json\/wp\/v2\/posts\/732\/revisions"}],"wp:attachment":[{"href":"https:\/\/www.encontragranjaviana.com.br\/sobre\/wp-json\/wp\/v2\/media?parent=732"}],"wp:term":[{"taxonomy":"category","embeddable":true,"href":"https:\/\/www.encontragranjaviana.com.br\/sobre\/wp-json\/wp\/v2\/categories?post=732"},{"taxonomy":"post_tag","embeddable":true,"href":"https:\/\/www.encontragranjaviana.com.br\/sobre\/wp-json\/wp\/v2\/tags?post=732"}],"curies":[{"name":"wp","href":"https:\/\/api.w.org\/{rel}","templated":true}]}}