{"id":656,"date":"2012-12-12T11:00:08","date_gmt":"2012-12-12T13:00:08","guid":{"rendered":"http:\/\/www.encontragranjaviana.com.br\/noticias\/?p=656"},"modified":"2019-04-29T16:22:38","modified_gmt":"2019-04-29T18:22:38","slug":"espaco-granja-viana-realiza-o-natal-acorde-social","status":"publish","type":"post","link":"https:\/\/www.encontragranjaviana.com.br\/sobre\/espaco-granja-viana-realiza-o-natal-acorde-social\/","title":{"rendered":"Espa\u00e7o Granja Viana realiza o Natal Acorde Social"},"content":{"rendered":"<div class=\"15401c187b342417d42857c0d7dac0c7\" data-index=\"1\" style=\"float: left; margin: 15px 15px 15px 0;\">\n<!-- EBR \/Novo-Bairro\/ 300x250 - pub-85 -->\r\n<ins class=\"adsbygoogle\"\r\n     style=\"display:inline-block;width:300px;height:250px\"\r\n     data-ad-client=\"ca-pub-8585364105181520\"\r\n     data-ad-slot=\"4691134188\"><\/ins>\r\n<script>\r\n(adsbygoogle = window.adsbygoogle || []).push({});\r\n<\/script>\n<\/div>\n<p>O Espa\u00e7o Granja Viana promover\u00e1 no pr\u00f3ximo s\u00e1bado (15) o evento \u201cNatal Acorde Social\u201d, em parceria com a Associa\u00e7\u00e3o Acorde, que atua pelo desenvolvimento humano de crian\u00e7as e jovens. Ser\u00e3o oficinas gratuitas e abertas a todos os interessados.<\/p>\n<p><strong>Servi\u00e7o<\/strong><\/p>\n<p><strong>Natal Acorde Social<\/strong><\/p>\n<p><strong>Data: <\/strong>15 de dezembro de 2012\u00a0&#8211; aulas da animada percuss\u00e3o do Grupo Acorde pro Ritmo<br \/>\n<strong><\/strong><\/p>\n<p><strong>Hor\u00e1rio:<\/strong>\u00a0a partir das 11h da manh\u00e3<br \/>\n<strong><\/strong><\/p>\n<p><strong>Local:<\/strong>\u00a0Espa\u00e7o Granja Viana<br \/>\n<strong><\/strong><\/p>\n<p><strong>Endere\u00e7o: <\/strong>Rodovia\u00a0Raposo Tavares, km 23,5, Cotia (SP)<\/p>\n<p><strong>Mais informa\u00e7\u00f5es:<\/strong>\u00a0(11) 4704-2920<\/p>\n<p>O recurso far\u00e1 a diferen\u00e7a na vida dos educandos da organiza\u00e7\u00e3o.<\/p>\n\n<div style=\"font-size: 0px; height: 0px; line-height: 0px; margin: 0; padding: 0; clear: both;\"><\/div>","protected":false},"excerpt":{"rendered":"<p>O Espa\u00e7o Granja Viana promover\u00e1 no pr\u00f3ximo s\u00e1bado (15) o evento \u201cNatal Acorde Social\u201d, em parceria com a Associa\u00e7\u00e3o Acorde, que atua pelo desenvolvimento humano de crian\u00e7as e jovens. Ser\u00e3o oficinas gratuitas e abertas a todos os interessados. Servi\u00e7o Natal Acorde Social Data: 15 de dezembro de 2012\u00a0&#8211; aulas da animada percuss\u00e3o do Grupo Acorde pro Ritmo Hor\u00e1rio:\u00a0a partir das 11h da manh\u00e3 Local:\u00a0Espa\u00e7o Granja Viana Endere\u00e7o: Rodovia\u00a0Raposo Tavares, km 23,5, Cotia (SP) Mais informa\u00e7\u00f5es:\u00a0(11) 4704-2920 O recurso far\u00e1 a diferen\u00e7a na vida dos educandos da organiza\u00e7\u00e3o.<\/p>\n","protected":false},"author":1,"featured_media":0,"comment_status":"open","ping_status":"closed","sticky":false,"template":"","format":"standard","meta":{"footnotes":""},"categories":[6],"tags":[14],"aioseo_notices":[],"_links":{"self":[{"href":"https:\/\/www.encontragranjaviana.com.br\/sobre\/wp-json\/wp\/v2\/posts\/656"}],"collection":[{"href":"https:\/\/www.encontragranjaviana.com.br\/sobre\/wp-json\/wp\/v2\/posts"}],"about":[{"href":"https:\/\/www.encontragranjaviana.com.br\/sobre\/wp-json\/wp\/v2\/types\/post"}],"author":[{"embeddable":true,"href":"https:\/\/www.encontragranjaviana.com.br\/sobre\/wp-json\/wp\/v2\/users\/1"}],"replies":[{"embeddable":true,"href":"https:\/\/www.encontragranjaviana.com.br\/sobre\/wp-json\/wp\/v2\/comments?post=656"}],"version-history":[{"count":0,"href":"https:\/\/www.encontragranjaviana.com.br\/sobre\/wp-json\/wp\/v2\/posts\/656\/revisions"}],"wp:attachment":[{"href":"https:\/\/www.encontragranjaviana.com.br\/sobre\/wp-json\/wp\/v2\/media?parent=656"}],"wp:term":[{"taxonomy":"category","embeddable":true,"href":"https:\/\/www.encontragranjaviana.com.br\/sobre\/wp-json\/wp\/v2\/categories?post=656"},{"taxonomy":"post_tag","embeddable":true,"href":"https:\/\/www.encontragranjaviana.com.br\/sobre\/wp-json\/wp\/v2\/tags?post=656"}],"curies":[{"name":"wp","href":"https:\/\/api.w.org\/{rel}","templated":true}]}}