{"id":654,"date":"2012-12-11T16:45:34","date_gmt":"2012-12-11T18:45:34","guid":{"rendered":"http:\/\/www.encontragranjaviana.com.br\/noticias\/?p=654"},"modified":"2019-04-29T16:22:38","modified_gmt":"2019-04-29T18:22:38","slug":"edicao-de-natal-da-ecofeira-granja-viana-acontece-no-proximo-domingo","status":"publish","type":"post","link":"https:\/\/www.encontragranjaviana.com.br\/sobre\/edicao-de-natal-da-ecofeira-granja-viana-acontece-no-proximo-domingo\/","title":{"rendered":"Edi\u00e7\u00e3o de Natal da Ecofeira Granja Viana acontece no pr\u00f3ximo domingo"},"content":{"rendered":"<div class=\"15401c187b342417d42857c0d7dac0c7\" data-index=\"1\" style=\"float: left; margin: 15px 15px 15px 0;\">\n<!-- EBR \/Novo-Bairro\/ 300x250 - pub-85 -->\r\n<ins class=\"adsbygoogle\"\r\n     style=\"display:inline-block;width:300px;height:250px\"\r\n     data-ad-client=\"ca-pub-8585364105181520\"\r\n     data-ad-slot=\"4691134188\"><\/ins>\r\n<script>\r\n(adsbygoogle = window.adsbygoogle || []).push({});\r\n<\/script>\n<\/div>\n<p>A pr\u00f3xima <a href=\"http:\/\/www.encontragranjaviana.com.br\/granja-viana\/ecofeira-na-granja-viana.shtml\" target=\"_blank\">Ecofeira Granja Viana<\/a> contar\u00e1 com uma programa\u00e7\u00e3o especial para o Natal: como de costume, o visitante poder\u00e1 comprar verduras, legumes e cogumelos fresquinhos e org\u00e2nicos da nossa regi\u00e3o, como tamb\u00e9m flores e mudas ornamentais, conservas e compotas, p\u00e3es, massas, gr\u00e3os, biscoitos e bolos; a exposi\u00e7\u00e3o ainda contar\u00e1 com artesanato diferenciado sustent\u00e1vel.<\/p>\n<p>Para Feira AUescambAU tragam livros, CDs e roupas (no m\u00e1ximo 4 objetos em bom estado).<\/p>\n<p><strong>Servi\u00e7o<\/strong><\/p>\n<p><strong>Ecofeira de Natal<\/strong><\/p>\n<p><strong>Quando: <\/strong>Domingo, dia 16 de agosto<br \/>\n<strong><\/strong><\/p>\n<p><strong>Hor\u00e1rio: <\/strong>das 9 \u00e0s 14 horas<br \/>\n<strong><\/strong><\/p>\n<p><strong>Local: <\/strong>Igreja Santo Antonio<\/p>\n<p><strong>Endere\u00e7o: <\/strong>Rua Santo Ant\u00f4nio, 486, Granja Viana (Vila Santo Ant\u00f4nio)<\/p>\n<p><strong>Entrada:<\/strong> Gr\u00e1tis<\/p>\n\n<div style=\"font-size: 0px; height: 0px; line-height: 0px; margin: 0; padding: 0; clear: both;\"><\/div>","protected":false},"excerpt":{"rendered":"<p>A pr\u00f3xima Ecofeira Granja Viana contar\u00e1 com uma programa\u00e7\u00e3o especial para o Natal: como de costume, o visitante poder\u00e1 comprar verduras, legumes e cogumelos fresquinhos e org\u00e2nicos da nossa regi\u00e3o, como tamb\u00e9m flores e mudas ornamentais, conservas e compotas, p\u00e3es, massas, gr\u00e3os, biscoitos e bolos; a exposi\u00e7\u00e3o ainda contar\u00e1 com artesanato diferenciado sustent\u00e1vel. Para Feira AUescambAU tragam livros, CDs e roupas (no m\u00e1ximo 4 objetos em bom estado). Servi\u00e7o Ecofeira de Natal Quando: Domingo, dia 16 de agosto Hor\u00e1rio: das 9 \u00e0s 14 horas Local: Igreja Santo Antonio Endere\u00e7o: Rua Santo Ant\u00f4nio, 486, Granja Viana (Vila Santo Ant\u00f4nio) Entrada: Gr\u00e1tis<\/p>\n","protected":false},"author":1,"featured_media":0,"comment_status":"open","ping_status":"closed","sticky":false,"template":"","format":"standard","meta":{"footnotes":""},"categories":[6],"tags":[14],"aioseo_notices":[],"_links":{"self":[{"href":"https:\/\/www.encontragranjaviana.com.br\/sobre\/wp-json\/wp\/v2\/posts\/654"}],"collection":[{"href":"https:\/\/www.encontragranjaviana.com.br\/sobre\/wp-json\/wp\/v2\/posts"}],"about":[{"href":"https:\/\/www.encontragranjaviana.com.br\/sobre\/wp-json\/wp\/v2\/types\/post"}],"author":[{"embeddable":true,"href":"https:\/\/www.encontragranjaviana.com.br\/sobre\/wp-json\/wp\/v2\/users\/1"}],"replies":[{"embeddable":true,"href":"https:\/\/www.encontragranjaviana.com.br\/sobre\/wp-json\/wp\/v2\/comments?post=654"}],"version-history":[{"count":0,"href":"https:\/\/www.encontragranjaviana.com.br\/sobre\/wp-json\/wp\/v2\/posts\/654\/revisions"}],"wp:attachment":[{"href":"https:\/\/www.encontragranjaviana.com.br\/sobre\/wp-json\/wp\/v2\/media?parent=654"}],"wp:term":[{"taxonomy":"category","embeddable":true,"href":"https:\/\/www.encontragranjaviana.com.br\/sobre\/wp-json\/wp\/v2\/categories?post=654"},{"taxonomy":"post_tag","embeddable":true,"href":"https:\/\/www.encontragranjaviana.com.br\/sobre\/wp-json\/wp\/v2\/tags?post=654"}],"curies":[{"name":"wp","href":"https:\/\/api.w.org\/{rel}","templated":true}]}}