{"id":616,"date":"2012-11-08T13:08:28","date_gmt":"2012-11-08T15:08:28","guid":{"rendered":"http:\/\/www.encontragranjaviana.com.br\/noticias\/?p=616"},"modified":"2019-04-29T16:22:39","modified_gmt":"2019-04-29T18:22:39","slug":"matriculas-para-escolas-estaduais-na-granja-viana-ja-comecaram","status":"publish","type":"post","link":"https:\/\/www.encontragranjaviana.com.br\/sobre\/matriculas-para-escolas-estaduais-na-granja-viana-ja-comecaram\/","title":{"rendered":"Matr\u00edculas para escolas estaduais da Granja Viana j\u00e1 come\u00e7aram"},"content":{"rendered":"<div class=\"15401c187b342417d42857c0d7dac0c7\" data-index=\"1\" style=\"float: left; margin: 15px 15px 15px 0;\">\n<!-- EBR \/Novo-Bairro\/ 300x250 - pub-85 -->\r\n<ins class=\"adsbygoogle\"\r\n     style=\"display:inline-block;width:300px;height:250px\"\r\n     data-ad-client=\"ca-pub-8585364105181520\"\r\n     data-ad-slot=\"4691134188\"><\/ins>\r\n<script>\r\n(adsbygoogle = window.adsbygoogle || []).push({});\r\n<\/script>\n<\/div>\n<p>Jovens interessados em cursar o Ensino M\u00e9dio em uma das escolas p\u00fablicas estaduais da Granja Viana, e de toda cidade de Cotia, devem\u00a0comparecer um uma unidade de ensino e se inscrever, at\u00e9 o dia 23 de novembro.<\/p>\n<p>O processo de matr\u00edcula antecipada para o ano letivo de 2013 \u00e9 destinada ao Ensino M\u00e9dio regular e Educa\u00e7\u00e3o de Jovens e Adultos (EJA) e aos estudantes que n\u00e3o frequentam a rede p\u00fablica de ensino atualmente ou \u00e0queles que pretendam retomar os estudos no pr\u00f3ximo ano.<\/p>\n<p>Para fazer o cadastro, basta o respons\u00e1vel pelo aluno comparecer a uma escola p\u00fablica e fornecer as informa\u00e7\u00f5es necess\u00e1rias (nome completo do candidato, data de nascimento, endere\u00e7o residencial e telefone para contato). \u00c9 recomend\u00e1vel levar a certid\u00e3o de nascimento e o comprovante de resid\u00eancia.<\/p>\n<p>Esse per\u00edodo de matr\u00edcula \u00e9 destinado somente aos estudantes que est\u00e3o fora da rede p\u00fablica. Os alunos que conclu\u00edrem o Ensino Fundamental em escola p\u00fablica ou da rede Sesi neste ano est\u00e3o sendo consultados sobre o interesse em cursar o Ensino M\u00e9dio na rede estadual.<\/p>\n<p><em>Fonte: Cotia Todo Dia<\/em><\/p>\n\n<div style=\"font-size: 0px; height: 0px; line-height: 0px; margin: 0; padding: 0; clear: both;\"><\/div>","protected":false},"excerpt":{"rendered":"<p>Jovens interessados em cursar o Ensino M\u00e9dio em uma das escolas p\u00fablicas estaduais da Granja Viana, e de toda cidade de Cotia, devem\u00a0comparecer um uma unidade de ensino e se inscrever, at\u00e9 o dia 23 de novembro. O processo de matr\u00edcula antecipada para o ano letivo de 2013 \u00e9 destinada ao Ensino M\u00e9dio regular e Educa\u00e7\u00e3o de Jovens e Adultos (EJA) e aos estudantes que n\u00e3o frequentam a rede p\u00fablica de ensino atualmente ou \u00e0queles que pretendam retomar os estudos no pr\u00f3ximo ano. Para fazer o cadastro, basta o respons\u00e1vel pelo aluno comparecer a uma escola p\u00fablica e fornecer as <\/p>\n","protected":false},"author":1,"featured_media":0,"comment_status":"open","ping_status":"closed","sticky":false,"template":"","format":"standard","meta":{"footnotes":""},"categories":[6],"tags":[],"aioseo_notices":[],"_links":{"self":[{"href":"https:\/\/www.encontragranjaviana.com.br\/sobre\/wp-json\/wp\/v2\/posts\/616"}],"collection":[{"href":"https:\/\/www.encontragranjaviana.com.br\/sobre\/wp-json\/wp\/v2\/posts"}],"about":[{"href":"https:\/\/www.encontragranjaviana.com.br\/sobre\/wp-json\/wp\/v2\/types\/post"}],"author":[{"embeddable":true,"href":"https:\/\/www.encontragranjaviana.com.br\/sobre\/wp-json\/wp\/v2\/users\/1"}],"replies":[{"embeddable":true,"href":"https:\/\/www.encontragranjaviana.com.br\/sobre\/wp-json\/wp\/v2\/comments?post=616"}],"version-history":[{"count":0,"href":"https:\/\/www.encontragranjaviana.com.br\/sobre\/wp-json\/wp\/v2\/posts\/616\/revisions"}],"wp:attachment":[{"href":"https:\/\/www.encontragranjaviana.com.br\/sobre\/wp-json\/wp\/v2\/media?parent=616"}],"wp:term":[{"taxonomy":"category","embeddable":true,"href":"https:\/\/www.encontragranjaviana.com.br\/sobre\/wp-json\/wp\/v2\/categories?post=616"},{"taxonomy":"post_tag","embeddable":true,"href":"https:\/\/www.encontragranjaviana.com.br\/sobre\/wp-json\/wp\/v2\/tags?post=616"}],"curies":[{"name":"wp","href":"https:\/\/api.w.org\/{rel}","templated":true}]}}