{"id":611,"date":"2012-11-02T10:54:41","date_gmt":"2012-11-02T12:54:41","guid":{"rendered":"http:\/\/www.encontragranjaviana.com.br\/noticias\/?p=611"},"modified":"2019-04-29T16:22:39","modified_gmt":"2019-04-29T18:22:39","slug":"granja-viana-recebe-o-evento-cinema-e-bate-papo","status":"publish","type":"post","link":"https:\/\/www.encontragranjaviana.com.br\/sobre\/granja-viana-recebe-o-evento-cinema-e-bate-papo\/","title":{"rendered":"Granja Viana recebe o evento Cinema e Bate-papo"},"content":{"rendered":"<div class=\"15401c187b342417d42857c0d7dac0c7\" data-index=\"1\" style=\"float: left; margin: 15px 15px 15px 0;\">\n<!-- EBR \/Novo-Bairro\/ 300x250 - pub-85 -->\r\n<ins class=\"adsbygoogle\"\r\n     style=\"display:inline-block;width:300px;height:250px\"\r\n     data-ad-client=\"ca-pub-8585364105181520\"\r\n     data-ad-slot=\"4691134188\"><\/ins>\r\n<script>\r\n(adsbygoogle = window.adsbygoogle || []).push({});\r\n<\/script>\n<\/div>\n<p>As Faculdades Integradas Rio Branco, Campus Granja Viana, realizam no dia 6 de novembro, no <a href=\"http:\/\/www.encontragranjaviana.com.br\/granja-viana\/the-square-open-mall-na-granja-vianna.shtml\" target=\"_blank\">The Square Granja Viana<\/a>, uma sess\u00e3o de cinema seguida de instigante discuss\u00e3o com a plateia, mediada por professores, mestres e doutores da Rio Branco.<\/p>\n<p><strong>Servi\u00e7o:<\/strong><\/p>\n<p><strong>Filme: <\/strong>Intoc\u00e1veis<br \/>\n<strong><\/strong><\/p>\n<p><strong>Data: <\/strong>6 de novembro de 2012<br \/>\n<strong><\/strong><\/p>\n<p><strong>Hor\u00e1rio: <\/strong>19 h<br \/>\n<strong><\/strong><\/p>\n<p><strong>Local: <\/strong>The Square Granja Viana \u2013 Rodovia Raposo Tavares, Km 22 \u2013 Guia Granja Viana<\/p>\n<p><strong>Sess\u00e3o Gratuita<\/strong><\/p>\n\n<div style=\"font-size: 0px; height: 0px; line-height: 0px; margin: 0; padding: 0; clear: both;\"><\/div>","protected":false},"excerpt":{"rendered":"<p>As Faculdades Integradas Rio Branco, Campus Granja Viana, realizam no dia 6 de novembro, no The Square Granja Viana, uma sess\u00e3o de cinema seguida de instigante discuss\u00e3o com a plateia, mediada por professores, mestres e doutores da Rio Branco. Servi\u00e7o: Filme: Intoc\u00e1veis Data: 6 de novembro de 2012 Hor\u00e1rio: 19 h Local: The Square Granja Viana \u2013 Rodovia Raposo Tavares, Km 22 \u2013 Guia Granja Viana Sess\u00e3o Gratuita<\/p>\n","protected":false},"author":1,"featured_media":0,"comment_status":"open","ping_status":"closed","sticky":false,"template":"","format":"standard","meta":{"footnotes":""},"categories":[6],"tags":[14],"aioseo_notices":[],"_links":{"self":[{"href":"https:\/\/www.encontragranjaviana.com.br\/sobre\/wp-json\/wp\/v2\/posts\/611"}],"collection":[{"href":"https:\/\/www.encontragranjaviana.com.br\/sobre\/wp-json\/wp\/v2\/posts"}],"about":[{"href":"https:\/\/www.encontragranjaviana.com.br\/sobre\/wp-json\/wp\/v2\/types\/post"}],"author":[{"embeddable":true,"href":"https:\/\/www.encontragranjaviana.com.br\/sobre\/wp-json\/wp\/v2\/users\/1"}],"replies":[{"embeddable":true,"href":"https:\/\/www.encontragranjaviana.com.br\/sobre\/wp-json\/wp\/v2\/comments?post=611"}],"version-history":[{"count":0,"href":"https:\/\/www.encontragranjaviana.com.br\/sobre\/wp-json\/wp\/v2\/posts\/611\/revisions"}],"wp:attachment":[{"href":"https:\/\/www.encontragranjaviana.com.br\/sobre\/wp-json\/wp\/v2\/media?parent=611"}],"wp:term":[{"taxonomy":"category","embeddable":true,"href":"https:\/\/www.encontragranjaviana.com.br\/sobre\/wp-json\/wp\/v2\/categories?post=611"},{"taxonomy":"post_tag","embeddable":true,"href":"https:\/\/www.encontragranjaviana.com.br\/sobre\/wp-json\/wp\/v2\/tags?post=611"}],"curies":[{"name":"wp","href":"https:\/\/api.w.org\/{rel}","templated":true}]}}