{"id":609,"date":"2012-10-31T17:54:26","date_gmt":"2012-10-31T19:54:26","guid":{"rendered":"http:\/\/www.encontragranjaviana.com.br\/noticias\/?p=609"},"modified":"2019-04-29T16:22:39","modified_gmt":"2019-04-29T18:22:39","slug":"centro-hipico-granja-viana-domina-o-placar-da-setima-etapa-da-regional-metropolitana","status":"publish","type":"post","link":"https:\/\/www.encontragranjaviana.com.br\/sobre\/centro-hipico-granja-viana-domina-o-placar-da-setima-etapa-da-regional-metropolitana\/","title":{"rendered":"Centro H\u00edpico Granja Viana domina o placar da S\u00e9tima Etapa da Regional Metropolitana"},"content":{"rendered":"<div class=\"15401c187b342417d42857c0d7dac0c7\" data-index=\"1\" style=\"float: left; margin: 15px 15px 15px 0;\">\n<!-- EBR \/Novo-Bairro\/ 300x250 - pub-85 -->\r\n<ins class=\"adsbygoogle\"\r\n     style=\"display:inline-block;width:300px;height:250px\"\r\n     data-ad-client=\"ca-pub-8585364105181520\"\r\n     data-ad-slot=\"4691134188\"><\/ins>\r\n<script>\r\n(adsbygoogle = window.adsbygoogle || []).push({});\r\n<\/script>\n<\/div>\n<p>A 7\u00aa Etapa Regional Metropolitana de Equita\u00e7\u00e3o Fundamental\/Salto para iniciantes foi disputada nas depend\u00eancias do bem estruturado Centro H\u00edpico Granja Viana neste s\u00e1bado, 27\/10. As disputas, de 0,40 at\u00e9 0,90 m,\u00a0tiveram dom\u00ednio dos\u00a0 atletas da casa, que venceram\u00a03 das\u00a05 s\u00e9ries em jogo levando o trof\u00e9u das entidades. Paralelamente, pela Temporada Oficial da Federa\u00e7\u00e3o Paulista de Hipismo,\u00a0com\u00a0provas de 1\u00a0e 1,10 m, os representantes da casa\u00a0garantiram o 1\u00ba posto em 5 das 6 seis categorias.<\/p>\n<p>O casal Jos\u00e9 Vicente e Tatiana Marino, novos titulares do Centro H\u00edpico\u00a0Granja Viana, expressou seu contentamento com o desenrolar do evento. \u00a0&#8220;Realizamos a primeira prova oficial no nosso Centro H\u00edpico, que contou com a participa\u00e7\u00e3o de 189 conjuntos e mais de 400 visitantes. Uma alegria e muita emo\u00e7\u00e3o receber a todos\u00a0em um\u00a0dia t\u00e3o lindo&#8221;, destacou Jos\u00e9 Vicente, em sua\u00a0p\u00e1gina pessoal no Facebook.<\/p>\n<p>&#8220;Parab\u00e9ns a todos os participantes e uma sauda\u00e7\u00e3o especial aos cavaleiros e amazonas\u00a0da Centro H\u00edpico\u00a0Granja Viana. Obrigado a todos os nossos colaboradores,\u00a0a FPH, professores de todas as entidades, amigos, visitantes, patrocinadores, cavaleiros e amazonas que fizeram deste um dia muito especial. Venham nos visitar mais vezes!&#8221;, finalizou o anfitri\u00e3o.<\/p>\n<p><em>Fonte: Site da Granja<\/em><\/p>\n\n<div style=\"font-size: 0px; height: 0px; line-height: 0px; margin: 0; padding: 0; clear: both;\"><\/div>","protected":false},"excerpt":{"rendered":"<p>A 7\u00aa Etapa Regional Metropolitana de Equita\u00e7\u00e3o Fundamental\/Salto para iniciantes foi disputada nas depend\u00eancias do bem estruturado Centro H\u00edpico Granja Viana neste s\u00e1bado, 27\/10. As disputas, de 0,40 at\u00e9 0,90 m,\u00a0tiveram dom\u00ednio dos\u00a0 atletas da casa, que venceram\u00a03 das\u00a05 s\u00e9ries em jogo levando o trof\u00e9u das entidades. Paralelamente, pela Temporada Oficial da Federa\u00e7\u00e3o Paulista de Hipismo,\u00a0com\u00a0provas de 1\u00a0e 1,10 m, os representantes da casa\u00a0garantiram o 1\u00ba posto em 5 das 6 seis categorias. O casal Jos\u00e9 Vicente e Tatiana Marino, novos titulares do Centro H\u00edpico\u00a0Granja Viana, expressou seu contentamento com o desenrolar do evento. \u00a0&#8220;Realizamos a primeira prova oficial no <\/p>\n","protected":false},"author":1,"featured_media":0,"comment_status":"open","ping_status":"closed","sticky":false,"template":"","format":"standard","meta":{"footnotes":""},"categories":[6],"tags":[14],"aioseo_notices":[],"_links":{"self":[{"href":"https:\/\/www.encontragranjaviana.com.br\/sobre\/wp-json\/wp\/v2\/posts\/609"}],"collection":[{"href":"https:\/\/www.encontragranjaviana.com.br\/sobre\/wp-json\/wp\/v2\/posts"}],"about":[{"href":"https:\/\/www.encontragranjaviana.com.br\/sobre\/wp-json\/wp\/v2\/types\/post"}],"author":[{"embeddable":true,"href":"https:\/\/www.encontragranjaviana.com.br\/sobre\/wp-json\/wp\/v2\/users\/1"}],"replies":[{"embeddable":true,"href":"https:\/\/www.encontragranjaviana.com.br\/sobre\/wp-json\/wp\/v2\/comments?post=609"}],"version-history":[{"count":0,"href":"https:\/\/www.encontragranjaviana.com.br\/sobre\/wp-json\/wp\/v2\/posts\/609\/revisions"}],"wp:attachment":[{"href":"https:\/\/www.encontragranjaviana.com.br\/sobre\/wp-json\/wp\/v2\/media?parent=609"}],"wp:term":[{"taxonomy":"category","embeddable":true,"href":"https:\/\/www.encontragranjaviana.com.br\/sobre\/wp-json\/wp\/v2\/categories?post=609"},{"taxonomy":"post_tag","embeddable":true,"href":"https:\/\/www.encontragranjaviana.com.br\/sobre\/wp-json\/wp\/v2\/tags?post=609"}],"curies":[{"name":"wp","href":"https:\/\/api.w.org\/{rel}","templated":true}]}}