{"id":581,"date":"2012-10-19T19:44:42","date_gmt":"2012-10-19T21:44:42","guid":{"rendered":"http:\/\/www.encontragranjaviana.com.br\/noticias\/?p=581"},"modified":"2019-04-29T16:22:40","modified_gmt":"2019-04-29T18:22:40","slug":"carreta-tomba-e-provoca-congestionamento-na-raposo-tavares","status":"publish","type":"post","link":"https:\/\/www.encontragranjaviana.com.br\/sobre\/carreta-tomba-e-provoca-congestionamento-na-raposo-tavares\/","title":{"rendered":"Carreta tomba e provoca congestionamento na Raposo Tavares"},"content":{"rendered":"<div class=\"15401c187b342417d42857c0d7dac0c7\" data-index=\"1\" style=\"float: left; margin: 15px 15px 15px 0;\">\n<!-- EBR \/Novo-Bairro\/ 300x250 - pub-85 -->\r\n<ins class=\"adsbygoogle\"\r\n     style=\"display:inline-block;width:300px;height:250px\"\r\n     data-ad-client=\"ca-pub-8585364105181520\"\r\n     data-ad-slot=\"4691134188\"><\/ins>\r\n<script>\r\n(adsbygoogle = window.adsbygoogle || []).push({});\r\n<\/script>\n<\/div>\n<p>Uma carreta carregada de sacos de farinha tombou no in\u00edcio da tarde desta sexta-feira (19), na altura do km 21 da\u00a0rodovia Raposo Tavares. N\u00e3o houve feridos.<\/p>\n<p>O acidente aconteceu por volta das 15h, em dire\u00e7\u00e3o \u00e0\u00a0cidade de Cotia, provocando mais de 10 km de congestionamento. \u00c0s 18h, os reflexos da lentid\u00e3o do tr\u00e2nsito podiam ser sentidos inclusive nas vias de acesso \u00e0 rodovia, como a Marginal Pinheiros e as ruas do\u00a0bairro Butant\u00e3.<\/p>\n<p>Funcion\u00e1rios do DER (Departamento de Estradas de Rodagem) trabalham no local para remover o\u00a0material\u00a0e retirar a carreta da pista.<\/p>\n\n<div style=\"font-size: 0px; height: 0px; line-height: 0px; margin: 0; padding: 0; clear: both;\"><\/div>","protected":false},"excerpt":{"rendered":"<p>Uma carreta carregada de sacos de farinha tombou no in\u00edcio da tarde desta sexta-feira (19), na altura do km 21 da\u00a0rodovia Raposo Tavares. N\u00e3o houve feridos. O acidente aconteceu por volta das 15h, em dire\u00e7\u00e3o \u00e0\u00a0cidade de Cotia, provocando mais de 10 km de congestionamento. \u00c0s 18h, os reflexos da lentid\u00e3o do tr\u00e2nsito podiam ser sentidos inclusive nas vias de acesso \u00e0 rodovia, como a Marginal Pinheiros e as ruas do\u00a0bairro Butant\u00e3. Funcion\u00e1rios do DER (Departamento de Estradas de Rodagem) trabalham no local para remover o\u00a0material\u00a0e retirar a carreta da pista.<\/p>\n","protected":false},"author":1,"featured_media":0,"comment_status":"open","ping_status":"closed","sticky":false,"template":"","format":"standard","meta":{"footnotes":""},"categories":[6],"tags":[14],"aioseo_notices":[],"_links":{"self":[{"href":"https:\/\/www.encontragranjaviana.com.br\/sobre\/wp-json\/wp\/v2\/posts\/581"}],"collection":[{"href":"https:\/\/www.encontragranjaviana.com.br\/sobre\/wp-json\/wp\/v2\/posts"}],"about":[{"href":"https:\/\/www.encontragranjaviana.com.br\/sobre\/wp-json\/wp\/v2\/types\/post"}],"author":[{"embeddable":true,"href":"https:\/\/www.encontragranjaviana.com.br\/sobre\/wp-json\/wp\/v2\/users\/1"}],"replies":[{"embeddable":true,"href":"https:\/\/www.encontragranjaviana.com.br\/sobre\/wp-json\/wp\/v2\/comments?post=581"}],"version-history":[{"count":0,"href":"https:\/\/www.encontragranjaviana.com.br\/sobre\/wp-json\/wp\/v2\/posts\/581\/revisions"}],"wp:attachment":[{"href":"https:\/\/www.encontragranjaviana.com.br\/sobre\/wp-json\/wp\/v2\/media?parent=581"}],"wp:term":[{"taxonomy":"category","embeddable":true,"href":"https:\/\/www.encontragranjaviana.com.br\/sobre\/wp-json\/wp\/v2\/categories?post=581"},{"taxonomy":"post_tag","embeddable":true,"href":"https:\/\/www.encontragranjaviana.com.br\/sobre\/wp-json\/wp\/v2\/tags?post=581"}],"curies":[{"name":"wp","href":"https:\/\/api.w.org\/{rel}","templated":true}]}}