{"id":565,"date":"2012-10-17T19:48:43","date_gmt":"2012-10-17T21:48:43","guid":{"rendered":"http:\/\/www.encontragranjaviana.com.br\/noticias\/?p=565"},"modified":"2019-04-29T16:22:40","modified_gmt":"2019-04-29T18:22:40","slug":"mostra-internacional-de-cinema-de-sao-paulo-tera-programacao-no-the-square-granja-viana","status":"publish","type":"post","link":"https:\/\/www.encontragranjaviana.com.br\/sobre\/mostra-internacional-de-cinema-de-sao-paulo-tera-programacao-no-the-square-granja-viana\/","title":{"rendered":"Mostra Internacional de Cinema de S\u00e3o Paulo ter\u00e1 programa\u00e7\u00e3o no The Square Granja Viana"},"content":{"rendered":"<div class=\"15401c187b342417d42857c0d7dac0c7\" data-index=\"1\" style=\"float: left; margin: 15px 15px 15px 0;\">\n<!-- EBR \/Novo-Bairro\/ 300x250 - pub-85 -->\r\n<ins class=\"adsbygoogle\"\r\n     style=\"display:inline-block;width:300px;height:250px\"\r\n     data-ad-client=\"ca-pub-8585364105181520\"\r\n     data-ad-slot=\"4691134188\"><\/ins>\r\n<script>\r\n(adsbygoogle = window.adsbygoogle || []).push({});\r\n<\/script>\n<\/div>\n<p>Um dos eventos mais esperados do ano pelos cin\u00e9filos, a\u00a0Mostra Internacional de Cinema de S\u00e3o Paulo chega \u00e0 36\u00aa edi\u00e7\u00e3o e acontece de 19 de outubro a 1\u00ba de novembro em 28 espa\u00e7os de exibi\u00e7\u00e3o espalhados por toda a cidade e tamb\u00e9m em Cotia. Neste ano haver\u00e1 exibi\u00e7\u00f5es no bairro da Granja Viana. O festival de 2012 presta uma homenagem ao diretor russo\u00a0Andrei Tark\u00f3vski, cuja obra cinematogr\u00e1fica ter\u00e1 retrospectiva completa, al\u00e9m do lan\u00e7amento de um livro e uma\u00a0exposi\u00e7\u00e3o de fotografias no formato polaroide.<\/p>\n<p>Com mais de 350 t\u00edtulos na programa\u00e7\u00e3o, o\u00a0evento\u00a0tamb\u00e9m inclui sess\u00f5es gratuitas, Competi\u00e7\u00e3o Novos Diretores, perspectiva internacional, retrospectivas, apresenta\u00e7\u00f5es especiais e a Mostra Brasil, que destaca a produ\u00e7\u00e3o de filmes brasileiros ainda in\u00e9ditos em S\u00e3o Paulo. Outro diretor relembrado e homenageado pela organiza\u00e7\u00e3o da Mostra \u00e9 o japon\u00eas Minoru Shibuya, que ter\u00e1 sete trabalhos apresentados ao p\u00fablico.<\/p>\n<p>Assim como S\u00e3o Paulo possui grande diversidade de nacionalidades das pessoas que vivem na cidade, a origem dos filmes selecionados para o festival tamb\u00e9m \u00e9 variada. H\u00e1 produ\u00e7\u00f5es de mais de 60 pa\u00edses como \u00c1ustria, Afeganist\u00e3o, Bulg\u00e1ria, Cazaquist\u00e3o, Chile, China, Cuba, Dinamarca, Egito, Gr\u00e9cia, Holanda, Indon\u00e9sia, Ir\u00e3, Iraque, L\u00edbano, Marrocos, M\u00e9xico, Palestina, Rep\u00fablica Checa, Rom\u00eania, R\u00fassia, S\u00e9rvia, Tail\u00e2ndia, Turquia, Uganda e Venezuela, entre muitos outros.<\/p>\n<p>S\u00e3o mais de 60 filmes brasileiros exibidos durante o per\u00edodo e cerca de 30 t\u00edtulos representam o cinema latino. A Alemanha, por sua vez, ser\u00e1 o foco com trabalhos antigos ou lan\u00e7amentos que visam estimular e promover a discuss\u00e3o para coprodu\u00e7\u00e3o entre o pa\u00eds europeu em parceria com o Brasil. Dentro dessa proposta, a Mostra realizar\u00e1 uma sess\u00e3o ao ar livre exclusiva e gratuita da cl\u00e1ssica obra alem\u00e3\u00a0Nosferatu, de FW Murnau (1922), no dia 2 de novembro, no\u00a0Parque do Ibirapuera.<\/p>\n<p>Al\u00e9m disso, haver\u00e1 outras exibi\u00e7\u00f5es com entrada franca no Festival da Juventude (hor\u00e1rios diferenciados em algumas salas), no\u00a0Ita\u00fa Cultural, no V\u00e3o Livre do\u00a0Masp, na\u00a0Faap, na\u00a0Matilha Cultural\u00a0e no\u00a0CEU Perus\u00a0e\u00a0CEU Parque Anhanguera.<\/p>\n<p>Saiba mais sobre as sess\u00f5es especiais e gratuitas da programa\u00e7\u00e3o, como o\u00a0Festival da Juventude e no Parque Ibirapuera em 2 de novembro.<\/p>\n<p>Acompanhe a programa\u00e7\u00e3o completa e todos os detalhes no\u00a0site da 36\u00aa Mostra Internacional de Cinema de S\u00e3o Paulo\u00a0(36.mostra.org).<\/p>\n<p><strong>Servi\u00e7o<\/strong>:<\/p>\n<p><strong>36\u00aa Mostra Internacional de Cinema de S\u00e3o Paulo<\/strong><\/p>\n<p><strong>Data<\/strong>: de 19 de outubro a 1\u00ba de novembro.<\/p>\n<p><strong>Locais<\/strong>:\u00a0Espa\u00e7o Ita\u00fa de Cinema \u2013 Frei Caneca;\u00a0Cine Livraria Cultura; Espa\u00e7o Ita\u00fa de Cinema \u2013 Pomp\u00e9ia;\u00a0Espa\u00e7o Ita\u00fa de Cinema\u00a0 Augusta;\u00a0Cine Sabesp; Cinesesc; Faap;\u00a0Cine Olido;\u00a0Cinemateca;\u00a0Reserva Cultural;\u00a0Matilha Cultural;MIS; Cinusp; Masp (V\u00e3o Livre); Ita\u00fa Cultural; CEU Perus; CEU Parque Anhanguera; Cinemark\u00a0Shopping\u00a0Eldorado; Cinemark\u00a0Shopping Cidade Jardim;Cinemark Shopping Santa Cruz; <strong>Cine Espa\u00e7o\u00a0The Square Granja Viana<\/strong>.<\/p>\n<p><strong>Pre\u00e7os<\/strong>: segundas, ter\u00e7as, quartas e quintas: R$ 15 (inteira) \/ R$ 7,50 (meia). Sextas, s\u00e1bados e domingos: R$ 19 (inteira) \/ R$ 9,50 (meia)<\/p>\n<p><strong>Venda de pacotes<\/strong>: de 13 de outubro a 1\u00ba de novembro, das 10 \u00e0s 21h (Endere\u00e7o:\u00a0Conjunto Nacional\u00a0\u2013\u00a0Avenida Paulista, 2073, ao lado do Cine Livraria Cultura). Valores: permanente integral: R$ 410. Pacote de 40 ingressos: R$ 300. Pacote\u00a0 de\u00a0 20\u00a0 ingressos: R$ 175.<\/p>\n<p><strong>Site:<\/strong>\u00a0http:\/\/36.mostra.org<\/p>\n<p><em>Fonte: SPTuris<\/em><\/p>\n\n<div style=\"font-size: 0px; height: 0px; line-height: 0px; margin: 0; padding: 0; clear: both;\"><\/div>","protected":false},"excerpt":{"rendered":"<p>Um dos eventos mais esperados do ano pelos cin\u00e9filos, a\u00a0Mostra Internacional de Cinema de S\u00e3o Paulo chega \u00e0 36\u00aa edi\u00e7\u00e3o e acontece de 19 de outubro a 1\u00ba de novembro em 28 espa\u00e7os de exibi\u00e7\u00e3o espalhados por toda a cidade e tamb\u00e9m em Cotia. Neste ano haver\u00e1 exibi\u00e7\u00f5es no bairro da Granja Viana. O festival de 2012 presta uma homenagem ao diretor russo\u00a0Andrei Tark\u00f3vski, cuja obra cinematogr\u00e1fica ter\u00e1 retrospectiva completa, al\u00e9m do lan\u00e7amento de um livro e uma\u00a0exposi\u00e7\u00e3o de fotografias no formato polaroide. Com mais de 350 t\u00edtulos na programa\u00e7\u00e3o, o\u00a0evento\u00a0tamb\u00e9m inclui sess\u00f5es gratuitas, Competi\u00e7\u00e3o Novos Diretores, perspectiva internacional, retrospectivas, <\/p>\n","protected":false},"author":1,"featured_media":0,"comment_status":"open","ping_status":"closed","sticky":false,"template":"","format":"standard","meta":{"footnotes":""},"categories":[6],"tags":[14],"aioseo_notices":[],"_links":{"self":[{"href":"https:\/\/www.encontragranjaviana.com.br\/sobre\/wp-json\/wp\/v2\/posts\/565"}],"collection":[{"href":"https:\/\/www.encontragranjaviana.com.br\/sobre\/wp-json\/wp\/v2\/posts"}],"about":[{"href":"https:\/\/www.encontragranjaviana.com.br\/sobre\/wp-json\/wp\/v2\/types\/post"}],"author":[{"embeddable":true,"href":"https:\/\/www.encontragranjaviana.com.br\/sobre\/wp-json\/wp\/v2\/users\/1"}],"replies":[{"embeddable":true,"href":"https:\/\/www.encontragranjaviana.com.br\/sobre\/wp-json\/wp\/v2\/comments?post=565"}],"version-history":[{"count":0,"href":"https:\/\/www.encontragranjaviana.com.br\/sobre\/wp-json\/wp\/v2\/posts\/565\/revisions"}],"wp:attachment":[{"href":"https:\/\/www.encontragranjaviana.com.br\/sobre\/wp-json\/wp\/v2\/media?parent=565"}],"wp:term":[{"taxonomy":"category","embeddable":true,"href":"https:\/\/www.encontragranjaviana.com.br\/sobre\/wp-json\/wp\/v2\/categories?post=565"},{"taxonomy":"post_tag","embeddable":true,"href":"https:\/\/www.encontragranjaviana.com.br\/sobre\/wp-json\/wp\/v2\/tags?post=565"}],"curies":[{"name":"wp","href":"https:\/\/api.w.org\/{rel}","templated":true}]}}