{"id":561,"date":"2012-10-11T18:07:10","date_gmt":"2012-10-11T20:07:10","guid":{"rendered":"http:\/\/www.encontragranjaviana.com.br\/noticias\/?p=561"},"modified":"2019-04-29T16:22:40","modified_gmt":"2019-04-29T18:22:40","slug":"shopping-granja-vianna-apresenta-dia-das-criancas-magico","status":"publish","type":"post","link":"https:\/\/www.encontragranjaviana.com.br\/sobre\/shopping-granja-vianna-apresenta-dia-das-criancas-magico\/","title":{"rendered":"Shopping Granja Vianna apresenta Dia das Crian\u00e7as M\u00e1gico"},"content":{"rendered":"<div class=\"15401c187b342417d42857c0d7dac0c7\" data-index=\"1\" style=\"float: left; margin: 15px 15px 15px 0;\">\n<!-- EBR \/Novo-Bairro\/ 300x250 - pub-85 -->\r\n<ins class=\"adsbygoogle\"\r\n     style=\"display:inline-block;width:300px;height:250px\"\r\n     data-ad-client=\"ca-pub-8585364105181520\"\r\n     data-ad-slot=\"4691134188\"><\/ins>\r\n<script>\r\n(adsbygoogle = window.adsbygoogle || []).push({});\r\n<\/script>\n<\/div>\n<p>Confira a programa\u00e7\u00e3o especial de eventos que o Shopping Granja Vianna preparou para o Dia das Crian\u00e7as:<\/p>\n<p><strong>12\/10 SEXTA FEIRA<\/strong><\/p>\n<p>Das 12h as 16h30 \u2013\u00a0OFICINA DE M\u00c1GICA<br \/>\n\u00c0s 17h \u2013\u00a0SHOW DE M\u00c1GICA COM MARIO KAMIA<\/p>\n<p><strong>13\/10 S\u00c1BADO<\/strong><\/p>\n<p>Das 12h as 16h30 \u2013\u00a0OFICINA DE M\u00c1GICA<br \/>\n\u00c0s 17h \u2013\u00a0SHOW COM M\u00c1GICA DINY<\/p>\n<p>14\/10 DOMINGO<\/p>\n<p>Das 12h as 16h30 \u2013\u00a0OFICINA DE M\u00c1GICA<br \/>\n\u00c0s 17h \u2013\u00a0SHOW COM PAUL &amp; JACK<\/p>\n<p><strong>Servi\u00e7o<\/strong><\/p>\n<p><strong>Dia das Crian\u00e7as M\u00e1gico<\/strong><\/p>\n<p>Local: Shopping Granja Vianna<br \/>\nEndere\u00e7o: Rodovia Raposo Tavares, Km 23<br \/>\nEntrada Franca Piso 3 &#8211;\u00a0shoppinggranjavianna.com.br<\/p>\n<p><em>Fonte: Shopping Granja Vianna<\/em><\/p>\n\n<div style=\"font-size: 0px; height: 0px; line-height: 0px; margin: 0; padding: 0; clear: both;\"><\/div>","protected":false},"excerpt":{"rendered":"<p>Confira a programa\u00e7\u00e3o especial de eventos que o Shopping Granja Vianna preparou para o Dia das Crian\u00e7as: 12\/10 SEXTA FEIRA Das 12h as 16h30 \u2013\u00a0OFICINA DE M\u00c1GICA \u00c0s 17h \u2013\u00a0SHOW DE M\u00c1GICA COM MARIO KAMIA 13\/10 S\u00c1BADO Das 12h as 16h30 \u2013\u00a0OFICINA DE M\u00c1GICA \u00c0s 17h \u2013\u00a0SHOW COM M\u00c1GICA DINY 14\/10 DOMINGO Das 12h as 16h30 \u2013\u00a0OFICINA DE M\u00c1GICA \u00c0s 17h \u2013\u00a0SHOW COM PAUL &amp; JACK Servi\u00e7o Dia das Crian\u00e7as M\u00e1gico Local: Shopping Granja Vianna Endere\u00e7o: Rodovia Raposo Tavares, Km 23 Entrada Franca Piso 3 &#8211;\u00a0shoppinggranjavianna.com.br Fonte: Shopping Granja Vianna<\/p>\n","protected":false},"author":1,"featured_media":0,"comment_status":"open","ping_status":"closed","sticky":false,"template":"","format":"standard","meta":{"footnotes":""},"categories":[6],"tags":[14],"aioseo_notices":[],"_links":{"self":[{"href":"https:\/\/www.encontragranjaviana.com.br\/sobre\/wp-json\/wp\/v2\/posts\/561"}],"collection":[{"href":"https:\/\/www.encontragranjaviana.com.br\/sobre\/wp-json\/wp\/v2\/posts"}],"about":[{"href":"https:\/\/www.encontragranjaviana.com.br\/sobre\/wp-json\/wp\/v2\/types\/post"}],"author":[{"embeddable":true,"href":"https:\/\/www.encontragranjaviana.com.br\/sobre\/wp-json\/wp\/v2\/users\/1"}],"replies":[{"embeddable":true,"href":"https:\/\/www.encontragranjaviana.com.br\/sobre\/wp-json\/wp\/v2\/comments?post=561"}],"version-history":[{"count":0,"href":"https:\/\/www.encontragranjaviana.com.br\/sobre\/wp-json\/wp\/v2\/posts\/561\/revisions"}],"wp:attachment":[{"href":"https:\/\/www.encontragranjaviana.com.br\/sobre\/wp-json\/wp\/v2\/media?parent=561"}],"wp:term":[{"taxonomy":"category","embeddable":true,"href":"https:\/\/www.encontragranjaviana.com.br\/sobre\/wp-json\/wp\/v2\/categories?post=561"},{"taxonomy":"post_tag","embeddable":true,"href":"https:\/\/www.encontragranjaviana.com.br\/sobre\/wp-json\/wp\/v2\/tags?post=561"}],"curies":[{"name":"wp","href":"https:\/\/api.w.org\/{rel}","templated":true}]}}