{"id":527,"date":"2012-09-21T10:00:22","date_gmt":"2012-09-21T12:00:22","guid":{"rendered":"http:\/\/www.encontragranjaviana.com.br\/noticias\/?p=527"},"modified":"2019-04-29T16:22:41","modified_gmt":"2019-04-29T18:22:41","slug":"segunda-festa-do-chopp-da-granja-viana-acontece-no-proximo-fim-de-semana","status":"publish","type":"post","link":"https:\/\/www.encontragranjaviana.com.br\/sobre\/segunda-festa-do-chopp-da-granja-viana-acontece-no-proximo-fim-de-semana\/","title":{"rendered":"Segunda Festa do Chopp da Granja Viana acontece no pr\u00f3ximo fim de semana"},"content":{"rendered":"<div class=\"15401c187b342417d42857c0d7dac0c7\" data-index=\"1\" style=\"float: left; margin: 15px 15px 15px 0;\">\n<!-- EBR \/Novo-Bairro\/ 300x250 - pub-85 -->\r\n<ins class=\"adsbygoogle\"\r\n     style=\"display:inline-block;width:300px;height:250px\"\r\n     data-ad-client=\"ca-pub-8585364105181520\"\r\n     data-ad-slot=\"4691134188\"><\/ins>\r\n<script>\r\n(adsbygoogle = window.adsbygoogle || []).push({});\r\n<\/script>\n<\/div>\n<p>No pr\u00f3ximo dia 29 de setembro, s\u00e1bado, acontece a 2\u00aa Festa do Chopp da Granja Viana, que promete aquecer os \u00e2nimos e ser uma op\u00e7\u00e3o divertida de entretenimento para toda a fam\u00edlia.<\/p>\n<p>Em 2011, a estreia da festa foi um sucesso e contou com centenas de participantes, o que n\u00e3o ser\u00e1 diferente neste ano.<\/p>\n<p>Nesta segunda edi\u00e7\u00e3o, as novidades ficam por conta dos grupos musicais que se apresentar\u00e3o ao vivo &#8211; desde o bom e velho samba ao agitado sertanejo universit\u00e1rio &#8211; e da arrecada\u00e7\u00e3o de brinquedos, que ser\u00e3o distribu\u00eddos durante uma comemora\u00e7\u00e3o de Dia das Crian\u00e7as no Parque S\u00e3o George.<\/p>\n<p>Ainda, ao inv\u00e9s de ingressos, os participantes comprar\u00e3o um abad\u00e1, o que ajudar\u00e1 na organiza\u00e7\u00e3o do evento. No ato da compra, al\u00e9m da camiseta, o convidado levar\u00e1 gratuitamente uma caneca de 500 ml para ser utilizada no decorrer da festividade.<\/p>\n<p>Ser\u00e3o mais de seis horas de evento regadas a descontra\u00e7\u00e3o, alegria e chopp geladinho.<\/p>\n<p>Sob a al\u00e7ada de uma equipe jovem e din\u00e2mica, a festa, neste ano, contar\u00e1 com parceiros e patrocinadores de peso.<\/p>\n<p>Gastronomia regional e divers\u00e3o para a crian\u00e7ada n\u00e3o v\u00e3o faltar. No entanto, a fiscaliza\u00e7\u00e3o ser\u00e1 r\u00edgida e o consumo de bebida alco\u00f3lica para menores de 18 anos ser\u00e1 proibido.<\/p>\n<p>O primeiro lote dos ingressos j\u00e1 est\u00e1 a venda. Participe!<\/p>\n<p>Se beber, n\u00e3o dirija!<\/p>\n<p><strong>Servi\u00e7o:<\/strong><\/p>\n<p><strong>2\u00aa Festa do Chopp da Granja Viana<br \/>\n<\/strong><\/p>\n<p><strong>Data: <\/strong>29 de setembro de 2012, s\u00e1bado<\/p>\n<p><strong>Ho\u00e1rio: <\/strong>das 14h \u00e0s 21h<strong><br \/>\n<\/strong><\/p>\n<p><strong>Endere\u00e7o: <\/strong>Rua Elias Zarzur, 463 &#8211; Encontra Cotia &#8211; S\u00e3o Paulo (Recrian\u00e7a) \u00a0<strong><br \/>\n<\/strong><\/p>\n<p><strong>Valores dos abad\u00e1s: <\/strong>Homem: R$35 \u2013 Mulher: R$15 (pre\u00e7o v\u00e1lido para compra antecipada de ingresso)<strong><br \/>\n<\/strong><\/p>\n<p><strong>Informa\u00e7\u00f5es: <\/strong>7153-0122 (Adriana) &#8211; 6728-3694 (Miguel) \u2013 8442-9323 (Raphael)<strong><br \/>\n<\/strong><\/p>\n<p><strong>Aten\u00e7\u00e3o: <\/strong>Os brinquedos doados dever\u00e3o estar em perfeito estado<\/p>\n<p><em>Fonte: Cotiatododia<\/em><\/p>\n\n<div style=\"font-size: 0px; height: 0px; line-height: 0px; margin: 0; padding: 0; clear: both;\"><\/div>","protected":false},"excerpt":{"rendered":"<p>No pr\u00f3ximo dia 29 de setembro, s\u00e1bado, acontece a 2\u00aa Festa do Chopp da Granja Viana, que promete aquecer os \u00e2nimos e ser uma op\u00e7\u00e3o divertida de entretenimento para toda a fam\u00edlia. Em 2011, a estreia da festa foi um sucesso e contou com centenas de participantes, o que n\u00e3o ser\u00e1 diferente neste ano. Nesta segunda edi\u00e7\u00e3o, as novidades ficam por conta dos grupos musicais que se apresentar\u00e3o ao vivo &#8211; desde o bom e velho samba ao agitado sertanejo universit\u00e1rio &#8211; e da arrecada\u00e7\u00e3o de brinquedos, que ser\u00e3o distribu\u00eddos durante uma comemora\u00e7\u00e3o de Dia das Crian\u00e7as no Parque S\u00e3o <\/p>\n","protected":false},"author":1,"featured_media":0,"comment_status":"open","ping_status":"closed","sticky":false,"template":"","format":"standard","meta":{"footnotes":""},"categories":[6],"tags":[14],"aioseo_notices":[],"_links":{"self":[{"href":"https:\/\/www.encontragranjaviana.com.br\/sobre\/wp-json\/wp\/v2\/posts\/527"}],"collection":[{"href":"https:\/\/www.encontragranjaviana.com.br\/sobre\/wp-json\/wp\/v2\/posts"}],"about":[{"href":"https:\/\/www.encontragranjaviana.com.br\/sobre\/wp-json\/wp\/v2\/types\/post"}],"author":[{"embeddable":true,"href":"https:\/\/www.encontragranjaviana.com.br\/sobre\/wp-json\/wp\/v2\/users\/1"}],"replies":[{"embeddable":true,"href":"https:\/\/www.encontragranjaviana.com.br\/sobre\/wp-json\/wp\/v2\/comments?post=527"}],"version-history":[{"count":0,"href":"https:\/\/www.encontragranjaviana.com.br\/sobre\/wp-json\/wp\/v2\/posts\/527\/revisions"}],"wp:attachment":[{"href":"https:\/\/www.encontragranjaviana.com.br\/sobre\/wp-json\/wp\/v2\/media?parent=527"}],"wp:term":[{"taxonomy":"category","embeddable":true,"href":"https:\/\/www.encontragranjaviana.com.br\/sobre\/wp-json\/wp\/v2\/categories?post=527"},{"taxonomy":"post_tag","embeddable":true,"href":"https:\/\/www.encontragranjaviana.com.br\/sobre\/wp-json\/wp\/v2\/tags?post=527"}],"curies":[{"name":"wp","href":"https:\/\/api.w.org\/{rel}","templated":true}]}}