{"id":497,"date":"2012-08-31T19:44:23","date_gmt":"2012-08-31T21:44:23","guid":{"rendered":"http:\/\/www.encontragranjaviana.com.br\/noticias\/?p=497"},"modified":"2019-04-29T16:22:41","modified_gmt":"2019-04-29T18:22:41","slug":"festa-das-nacoes-acontece-neste-sabado-na-granja-viana","status":"publish","type":"post","link":"https:\/\/www.encontragranjaviana.com.br\/sobre\/festa-das-nacoes-acontece-neste-sabado-na-granja-viana\/","title":{"rendered":"Festa das Na\u00e7\u00f5es acontece neste s\u00e1bado na Granja Viana"},"content":{"rendered":"<div class=\"15401c187b342417d42857c0d7dac0c7\" data-index=\"1\" style=\"float: left; margin: 15px 15px 15px 0;\">\n<!-- EBR \/Novo-Bairro\/ 300x250 - pub-85 -->\r\n<ins class=\"adsbygoogle\"\r\n     style=\"display:inline-block;width:300px;height:250px\"\r\n     data-ad-client=\"ca-pub-8585364105181520\"\r\n     data-ad-slot=\"4691134188\"><\/ins>\r\n<script>\r\n(adsbygoogle = window.adsbygoogle || []).push({});\r\n<\/script>\n<\/div>\n<p>No pr\u00f3ximo dia 1\u00ba de setembro, a partir das 18 horas, o <a href=\"http:\/\/www.encontragranjaviana.com.br\/granja-viana\/clube-pitangueiras-na-granja-viana.shtml\" target=\"_blank\">Clube das Pitangueiras<\/a> sediar\u00e1 mais uma Festa das Na\u00e7\u00f5es.<\/p>\n<p>O evento, tradicional na Granja, \u00e9 em benef\u00edcio das obras assistenciais da Vida Casa de Apoio, localizada no Parque S\u00e3o George e conta com comidas e bebidas t\u00edpicas de pa\u00edses como Alemanha, It\u00e1lia, Jap\u00e3o, Inglaterra e Portugal, al\u00e9m de uma barraca de doces maravilhosa.<\/p>\n<p>Participe!<\/p>\n<p>Mais informa\u00e7\u00f5es, ligue para 4612-4018<\/p>\n<p><strong>Servi\u00e7o:<\/strong><\/p>\n<p><strong>Festa das Na\u00e7\u00f5es<\/strong><\/p>\n<p><strong>Data: <\/strong>1\u00ba de setembro de 2012<\/p>\n<p><strong>Hora: <\/strong>18h<\/p>\n<p><strong>Local: <\/strong>Clube das Pitangueiras &#8211; Rua Santar\u00e9m, 223 &#8211; Granja Viana<\/p>\n<p><strong>Ingresso: <\/strong>R$ 5,00<\/p>\n<p><em>Fonte: Viva Cotia<\/em><\/p>\n\n<div style=\"font-size: 0px; height: 0px; line-height: 0px; margin: 0; padding: 0; clear: both;\"><\/div>","protected":false},"excerpt":{"rendered":"<p>No pr\u00f3ximo dia 1\u00ba de setembro, a partir das 18 horas, o Clube das Pitangueiras sediar\u00e1 mais uma Festa das Na\u00e7\u00f5es. O evento, tradicional na Granja, \u00e9 em benef\u00edcio das obras assistenciais da Vida Casa de Apoio, localizada no Parque S\u00e3o George e conta com comidas e bebidas t\u00edpicas de pa\u00edses como Alemanha, It\u00e1lia, Jap\u00e3o, Inglaterra e Portugal, al\u00e9m de uma barraca de doces maravilhosa. Participe! Mais informa\u00e7\u00f5es, ligue para 4612-4018 Servi\u00e7o: Festa das Na\u00e7\u00f5es Data: 1\u00ba de setembro de 2012 Hora: 18h Local: Clube das Pitangueiras &#8211; Rua Santar\u00e9m, 223 &#8211; Granja Viana Ingresso: R$ 5,00 Fonte: Viva Cotia<\/p>\n","protected":false},"author":1,"featured_media":0,"comment_status":"open","ping_status":"closed","sticky":false,"template":"","format":"standard","meta":{"footnotes":""},"categories":[6],"tags":[14],"aioseo_notices":[],"_links":{"self":[{"href":"https:\/\/www.encontragranjaviana.com.br\/sobre\/wp-json\/wp\/v2\/posts\/497"}],"collection":[{"href":"https:\/\/www.encontragranjaviana.com.br\/sobre\/wp-json\/wp\/v2\/posts"}],"about":[{"href":"https:\/\/www.encontragranjaviana.com.br\/sobre\/wp-json\/wp\/v2\/types\/post"}],"author":[{"embeddable":true,"href":"https:\/\/www.encontragranjaviana.com.br\/sobre\/wp-json\/wp\/v2\/users\/1"}],"replies":[{"embeddable":true,"href":"https:\/\/www.encontragranjaviana.com.br\/sobre\/wp-json\/wp\/v2\/comments?post=497"}],"version-history":[{"count":0,"href":"https:\/\/www.encontragranjaviana.com.br\/sobre\/wp-json\/wp\/v2\/posts\/497\/revisions"}],"wp:attachment":[{"href":"https:\/\/www.encontragranjaviana.com.br\/sobre\/wp-json\/wp\/v2\/media?parent=497"}],"wp:term":[{"taxonomy":"category","embeddable":true,"href":"https:\/\/www.encontragranjaviana.com.br\/sobre\/wp-json\/wp\/v2\/categories?post=497"},{"taxonomy":"post_tag","embeddable":true,"href":"https:\/\/www.encontragranjaviana.com.br\/sobre\/wp-json\/wp\/v2\/tags?post=497"}],"curies":[{"name":"wp","href":"https:\/\/api.w.org\/{rel}","templated":true}]}}