{"id":492,"date":"2012-08-30T19:05:32","date_gmt":"2012-08-30T21:05:32","guid":{"rendered":"http:\/\/www.encontragranjaviana.com.br\/noticias\/?p=492"},"modified":"2019-04-29T16:22:41","modified_gmt":"2019-04-29T18:22:41","slug":"the-square-open-mall-apresenta-o-granja-vianna-music-festival","status":"publish","type":"post","link":"https:\/\/www.encontragranjaviana.com.br\/sobre\/the-square-open-mall-apresenta-o-granja-vianna-music-festival\/","title":{"rendered":"The Square Open Mall apresenta o Granja Vianna Music Festival"},"content":{"rendered":"<div class=\"15401c187b342417d42857c0d7dac0c7\" data-index=\"1\" style=\"float: left; margin: 15px 15px 15px 0;\">\n<!-- EBR \/Novo-Bairro\/ 300x250 - pub-85 -->\r\n<ins class=\"adsbygoogle\"\r\n     style=\"display:inline-block;width:300px;height:250px\"\r\n     data-ad-client=\"ca-pub-8585364105181520\"\r\n     data-ad-slot=\"4691134188\"><\/ins>\r\n<script>\r\n(adsbygoogle = window.adsbygoogle || []).push({});\r\n<\/script>\n<\/div>\n<p>O <a href=\"http:\/\/www.encontragranjaviana.com.br\/granja-viana\/the-square-open-mall-na-granja-vianna.shtml\" target=\"_blank\">The Square Open Mall<\/a> vai sediar mais um grande evento na Granja Viana. J\u00e1 est\u00e3o abertas as inscri\u00e7\u00f5es para o\u00a0Granja Vianna Music Festival,\u00a0o primeiro festival de bandas escolares da regi\u00e3o. O evento tem car\u00e1ter exclusivamente cultural e pretende integrar os jovens das escolas da Granja Vianna e regi\u00e3o atrav\u00e9s da m\u00fasica.<\/p>\n<p>As inscri\u00e7\u00f5es acontecem at\u00e9 15 de setembro, na loja de instrumentos musicais Music Square do The Square Open Mall (ver regulamento e inscri\u00e7\u00f5es abaixo). Cada aluno poder\u00e1 inscrever at\u00e9 tr\u00eas m\u00fasicas por banda e apenas uma delas concorrer\u00e1 \u00e0 premia\u00e7\u00e3o do festival, sendo obrigatoriamente de composi\u00e7\u00e3o pr\u00f3pria da banda. Os instrumentistas tamb\u00e9m ser\u00e3o contemplados com a premia\u00e7\u00e3o de \u201cMelhores M\u00fasicos\u201d.<\/p>\n<p>Ap\u00f3s o per\u00edodo de inscri\u00e7\u00f5es, todo o material enviado ser\u00e1 escutado e julgado pelos organizadores do evento, selecionando 12 bandas que participar\u00e3o da semifinal. As bandas selecionadas para a semifinal ir\u00e3o se apresentar no Cinespa\u00e7o do The Square Open Mall. Ser\u00e3o tr\u00eas dias de apresenta\u00e7\u00f5es, com a apresenta\u00e7\u00e3o de quatro bandas em cada. De cada dia, uma ser\u00e1 escolhida para disputar a grande final, que contar\u00e1 com um show de encerramento de uma banda convidada.<\/p>\n<p>O J\u00fari ser\u00e1 constitu\u00eddo por um membro da organiza\u00e7\u00e3o do Festival, um educador musical e um m\u00fasico profissional. Os crit\u00e9rios ser\u00e3o m\u00fasica (harmonia e formato), letra, t\u00e9cnica, presen\u00e7a de palco e resposta do p\u00fablico.<\/p>\n<p><strong>GRANJA VIANNA MUSIC FESTIVAL<\/strong><\/p>\n<p>granjaviannamusicfestival.com.br<\/p>\n<p>Inscri\u00e7\u00f5es:\u00a0granjaviannamusicfestival.com.br\/#!inscreva-se<\/p>\n<p>Regulamento:\u00a0granjaviannamusicfestival.com.br\/#!regulamento<\/p>\n<p><strong>Organiza\u00e7\u00e3o:<\/strong>\u00a0The Square Open Mall e loja Music Square<\/p>\n<p><strong>PR\u00caMIOS<\/strong><\/p>\n<p><strong>1\u00ba LUGAR<\/strong><\/p>\n<p>Grava\u00e7\u00e3o no Est\u00fadio Midas \u2013 Est\u00fadio do Rick Bonadio<\/p>\n<p>Show Ac\u00fastico<\/p>\n<p>Fim de semana na Barra do Sahy<\/p>\n<p><strong>2\u00ba LUGAR<\/strong><\/p>\n<p>Show Ac\u00fastico<\/p>\n<p>Pedaleiras<\/p>\n<p>Acess\u00f3rios para a banda<\/p>\n<p><strong>3\u00ba LUGAR<\/strong><\/p>\n<p>Acess\u00f3rios para a banda<\/p>\n<p><strong>MELHOR M\u00daSICO<\/strong><\/p>\n<p>Odery \/ Bateria completa \/ Tagima \/ Baixo e Guitarra \/ Yamaha \/ Teclado PSRS 650<\/p>\n<p><strong><span style=\"text-decoration: underline;\">CRONOGRAMA \/ INSCRI\u00c7\u00d5ES<\/span><\/strong><\/p>\n<p>At\u00e9 15 de Setembro de 2012<\/p>\n<p>Retirada e entrega dos formul\u00e1rios das inscri\u00e7\u00f5es na Livraria Nobel.<\/p>\n<p>30 de Setembro de 2012<\/p>\n<p>Divulga\u00e7\u00e3o dos Semifinalistas no site do Festival.<\/p>\n<p>&#8211; SEMIFINAL<\/p>\n<p>Dias 20, 21 e 27 de outubro de 2012<\/p>\n<p>&#8211; FINAL<\/p>\n<p>Dia 28 de outubro de 2012<\/p>\n<p>As etapas semifinal e final acontecer\u00e3o no Cinespa\u00e7o do Open Mall The Square e a entrada ser\u00e1 2 kg de alimentos n\u00e3o perec\u00edvel que ser\u00e3o doados a uma institui\u00e7\u00e3o da regi\u00e3o da Granja Vianna.<\/p>\n<p><em>Fonte: Granja News<\/em><\/p>\n\n<div style=\"font-size: 0px; height: 0px; line-height: 0px; margin: 0; padding: 0; clear: both;\"><\/div>","protected":false},"excerpt":{"rendered":"<p>O The Square Open Mall vai sediar mais um grande evento na Granja Viana. J\u00e1 est\u00e3o abertas as inscri\u00e7\u00f5es para o\u00a0Granja Vianna Music Festival,\u00a0o primeiro festival de bandas escolares da regi\u00e3o. O evento tem car\u00e1ter exclusivamente cultural e pretende integrar os jovens das escolas da Granja Vianna e regi\u00e3o atrav\u00e9s da m\u00fasica. As inscri\u00e7\u00f5es acontecem at\u00e9 15 de setembro, na loja de instrumentos musicais Music Square do The Square Open Mall (ver regulamento e inscri\u00e7\u00f5es abaixo). Cada aluno poder\u00e1 inscrever at\u00e9 tr\u00eas m\u00fasicas por banda e apenas uma delas concorrer\u00e1 \u00e0 premia\u00e7\u00e3o do festival, sendo obrigatoriamente de composi\u00e7\u00e3o pr\u00f3pria da <\/p>\n","protected":false},"author":1,"featured_media":0,"comment_status":"open","ping_status":"closed","sticky":false,"template":"","format":"standard","meta":{"footnotes":""},"categories":[6],"tags":[14],"aioseo_notices":[],"_links":{"self":[{"href":"https:\/\/www.encontragranjaviana.com.br\/sobre\/wp-json\/wp\/v2\/posts\/492"}],"collection":[{"href":"https:\/\/www.encontragranjaviana.com.br\/sobre\/wp-json\/wp\/v2\/posts"}],"about":[{"href":"https:\/\/www.encontragranjaviana.com.br\/sobre\/wp-json\/wp\/v2\/types\/post"}],"author":[{"embeddable":true,"href":"https:\/\/www.encontragranjaviana.com.br\/sobre\/wp-json\/wp\/v2\/users\/1"}],"replies":[{"embeddable":true,"href":"https:\/\/www.encontragranjaviana.com.br\/sobre\/wp-json\/wp\/v2\/comments?post=492"}],"version-history":[{"count":0,"href":"https:\/\/www.encontragranjaviana.com.br\/sobre\/wp-json\/wp\/v2\/posts\/492\/revisions"}],"wp:attachment":[{"href":"https:\/\/www.encontragranjaviana.com.br\/sobre\/wp-json\/wp\/v2\/media?parent=492"}],"wp:term":[{"taxonomy":"category","embeddable":true,"href":"https:\/\/www.encontragranjaviana.com.br\/sobre\/wp-json\/wp\/v2\/categories?post=492"},{"taxonomy":"post_tag","embeddable":true,"href":"https:\/\/www.encontragranjaviana.com.br\/sobre\/wp-json\/wp\/v2\/tags?post=492"}],"curies":[{"name":"wp","href":"https:\/\/api.w.org\/{rel}","templated":true}]}}