{"id":479,"date":"2012-08-23T21:41:49","date_gmt":"2012-08-23T23:41:49","guid":{"rendered":"http:\/\/www.encontragranjaviana.com.br\/noticias\/?p=479"},"modified":"2019-04-29T16:22:41","modified_gmt":"2019-04-29T18:22:41","slug":"edicao-de-aniversario-da-ecofeira-granja-viana-sera-em-2-de-setembro","status":"publish","type":"post","link":"https:\/\/www.encontragranjaviana.com.br\/sobre\/edicao-de-aniversario-da-ecofeira-granja-viana-sera-em-2-de-setembro\/","title":{"rendered":"Edi\u00e7\u00e3o de anivers\u00e1rio da Ecofeira Granja Viana ser\u00e1 em 2 de setembro"},"content":{"rendered":"<div class=\"15401c187b342417d42857c0d7dac0c7\" data-index=\"1\" style=\"float: left; margin: 15px 15px 15px 0;\">\n<!-- EBR \/Novo-Bairro\/ 300x250 - pub-85 -->\r\n<ins class=\"adsbygoogle\"\r\n     style=\"display:inline-block;width:300px;height:250px\"\r\n     data-ad-client=\"ca-pub-8585364105181520\"\r\n     data-ad-slot=\"4691134188\"><\/ins>\r\n<script>\r\n(adsbygoogle = window.adsbygoogle || []).push({});\r\n<\/script>\n<\/div>\n<p>A edi\u00e7\u00e3o de anivers\u00e1rio de dois anos da <a href=\"http:\/\/www.encontragranjaviana.com.br\/granja-viana\/ecofeira-na-granja-viana.shtml\" target=\"_blank\">Ecofeira da Granja Viana<\/a> ser\u00e1 no dia 2 de setembro, mas desta vez, na Igreja de Santo Ant\u00f4nio.<\/p>\n<p>Haver\u00e1 espa\u00e7o l\u00fadico para as crian\u00e7as, m\u00fasica, rodas de conversa com temas variados, artesanato oficinas diversas, massagens e feira de trocas.<\/p>\n<p>A igreja fica na Rua Santo Ant\u00f4nio,486, na altura do Km 24 da Rodovia Raposo Tavares.<\/p>\n<p>O evento \u00e9 das 9 \u00e0s 14 horas.<\/p>\n<p><strong>Servi\u00e7o<\/strong><\/p>\n<p>Quando: Domingo, dia 2 de setembro de 2012<br \/>\nHor\u00e1rio: das 9h \u00e0s 14h<br \/>\nLocal: Igreja de Santo Ant\u00f4nio \u2013\u00a0Rua Santo Ant\u00f4nio, 486 &#8211;\u00a0altura do Km 24 da\u00a0Rodovia Raposo Tavares<\/p>\n<p><em>Fonte: cotiatododia<\/em><\/p>\n\n<div style=\"font-size: 0px; height: 0px; line-height: 0px; margin: 0; padding: 0; clear: both;\"><\/div>","protected":false},"excerpt":{"rendered":"<p>A edi\u00e7\u00e3o de anivers\u00e1rio de dois anos da Ecofeira da Granja Viana ser\u00e1 no dia 2 de setembro, mas desta vez, na Igreja de Santo Ant\u00f4nio. Haver\u00e1 espa\u00e7o l\u00fadico para as crian\u00e7as, m\u00fasica, rodas de conversa com temas variados, artesanato oficinas diversas, massagens e feira de trocas. A igreja fica na Rua Santo Ant\u00f4nio,486, na altura do Km 24 da Rodovia Raposo Tavares. O evento \u00e9 das 9 \u00e0s 14 horas. Servi\u00e7o Quando: Domingo, dia 2 de setembro de 2012 Hor\u00e1rio: das 9h \u00e0s 14h Local: Igreja de Santo Ant\u00f4nio \u2013\u00a0Rua Santo Ant\u00f4nio, 486 &#8211;\u00a0altura do Km 24 da\u00a0Rodovia Raposo <\/p>\n","protected":false},"author":1,"featured_media":0,"comment_status":"open","ping_status":"closed","sticky":false,"template":"","format":"standard","meta":{"footnotes":""},"categories":[6],"tags":[14],"aioseo_notices":[],"_links":{"self":[{"href":"https:\/\/www.encontragranjaviana.com.br\/sobre\/wp-json\/wp\/v2\/posts\/479"}],"collection":[{"href":"https:\/\/www.encontragranjaviana.com.br\/sobre\/wp-json\/wp\/v2\/posts"}],"about":[{"href":"https:\/\/www.encontragranjaviana.com.br\/sobre\/wp-json\/wp\/v2\/types\/post"}],"author":[{"embeddable":true,"href":"https:\/\/www.encontragranjaviana.com.br\/sobre\/wp-json\/wp\/v2\/users\/1"}],"replies":[{"embeddable":true,"href":"https:\/\/www.encontragranjaviana.com.br\/sobre\/wp-json\/wp\/v2\/comments?post=479"}],"version-history":[{"count":0,"href":"https:\/\/www.encontragranjaviana.com.br\/sobre\/wp-json\/wp\/v2\/posts\/479\/revisions"}],"wp:attachment":[{"href":"https:\/\/www.encontragranjaviana.com.br\/sobre\/wp-json\/wp\/v2\/media?parent=479"}],"wp:term":[{"taxonomy":"category","embeddable":true,"href":"https:\/\/www.encontragranjaviana.com.br\/sobre\/wp-json\/wp\/v2\/categories?post=479"},{"taxonomy":"post_tag","embeddable":true,"href":"https:\/\/www.encontragranjaviana.com.br\/sobre\/wp-json\/wp\/v2\/tags?post=479"}],"curies":[{"name":"wp","href":"https:\/\/api.w.org\/{rel}","templated":true}]}}