{"id":473,"date":"2012-08-16T19:48:52","date_gmt":"2012-08-16T21:48:52","guid":{"rendered":"http:\/\/www.encontragranjaviana.com.br\/noticias\/?p=473"},"modified":"2019-04-29T16:23:56","modified_gmt":"2019-04-29T18:23:56","slug":"granja-viana-comerciantes-da-avenida-sao-camilo-se-unem-para-combater-furtos","status":"publish","type":"post","link":"https:\/\/www.encontragranjaviana.com.br\/sobre\/granja-viana-comerciantes-da-avenida-sao-camilo-se-unem-para-combater-furtos\/","title":{"rendered":"Granja Viana: comerciantes da avenida S\u00e3o Camilo se unem para combater furtos"},"content":{"rendered":"<div class=\"15401c187b342417d42857c0d7dac0c7\" data-index=\"1\" style=\"float: left; margin: 15px 15px 15px 0;\">\n<!-- EBR \/Novo-Bairro\/ 300x250 - pub-85 -->\r\n<ins class=\"adsbygoogle\"\r\n     style=\"display:inline-block;width:300px;height:250px\"\r\n     data-ad-client=\"ca-pub-8585364105181520\"\r\n     data-ad-slot=\"4691134188\"><\/ins>\r\n<script>\r\n(adsbygoogle = window.adsbygoogle || []).push({});\r\n<\/script>\n<\/div>\n<p>Comerciantes e propriet\u00e1rios de diversos estabelecimentos localizados na Avenida S\u00e3o Camilo realizaram uma reuni\u00e3o na sede do M\u00e9todo De Rose, localizada na mesma avenida, para discutir a seguran\u00e7a da via. Segundo os propriet\u00e1rios, nos \u00faltimos 30 dias, houve mais de 15 casos de furtos, ocorridos preferencialmente de madrugada.<\/p>\n<p>Os relatos dos presentes d\u00e3o conta de que os criminosos geralmente invadem os locais de madrugada, quando n\u00e3o h\u00e1 mais ningu\u00e9m trabalhando, e levam equipamentos de valor (televis\u00f5es, c\u00e2meras, etc). Marcos, propriet\u00e1rio do De Rose, demonstrou preocupa\u00e7\u00e3o. \u201cPor enquanto, est\u00e3o levando apenas bens materiais, sem contato direto conosco. E quando come\u00e7arem a invadir nossos locais de trabalho com funcion\u00e1rios e\/ou clientes dentro?\u201d, diz ele.<\/p>\n<p>Para explicar algumas quest\u00f5es importantes e prometer provid\u00eancias, esteve presente no local o Capit\u00e3o Ernesto Diniz, da Pol\u00edcia Militar de S\u00e3o Paulo. Munido de um pequeno texto explicativo, ele ensinou aos presentes a diferen\u00e7a entre o bandido profissional e o espor\u00e1dico. O espor\u00e1dico geralmente \u00e9 menor de idade, age sem planejamento e demonstra nervosismo e agressividade durante a a\u00e7\u00e3o. O outro perfil \u00e9 o profissional, que planeja seus crimes com anteced\u00eancia e por isso atua com calma e seguran\u00e7a, geralmente tratando suas v\u00edtimas com mais \u201cgentileza\u201d, se \u00e9 que se pode usar o termo para um assaltante. Os comerciantes foram un\u00e2nimes em classificar os criminosos que agiram por ali recentemente como \u201cespor\u00e1dicos\u201d.<\/p>\n<p>O Capit\u00e3o Ernesto prometeu intensificar rondas noturnas no local, ampliando assim a atua\u00e7\u00e3o da Pol\u00edcia Militar, que j\u00e1 vem fazendo blitzes na regi\u00e3o durante o dia, abordando motoristas e conferindo documentos. Segundo os comerciantes, estas a\u00e7\u00f5es tamb\u00e9m se fazem necess\u00e1rias \u00e0 noite, quando os criminosos mais atuam, em parte devido \u00e0 presen\u00e7a de duas casas noturnas na regi\u00e3o, que trouxeram mais op\u00e7\u00f5es de divertimento noturno para o granjeiro, mas tamb\u00e9m trouxeram \u00e1lcool e jovens de m\u00e1s inten\u00e7\u00f5es, uma combina\u00e7\u00e3o perigosa.<\/p>\n<p>Questionado sobre a possibilidade da contrata\u00e7\u00e3o de seguran\u00e7as particulares ou vigias munidos de motocicletas para a realiza\u00e7\u00e3o de rondas 24 horas, o capit\u00e3o Ernesto foi enf\u00e1tico: \u201cPrimeiro, esperem a rea\u00e7\u00e3o da pol\u00edcia. Se mesmo assim as coisas n\u00e3o melhorarem, a\u00ed voc\u00eas devem recorrer \u00e0s empresas particulares\u201d, disse o policial, que lembrou a todos da import\u00e2ncia de se registrar boletins de ocorr\u00eancia toda vez que houver algum crime. Alguns comerciantes afirmam que at\u00e9 tentaram registrar o B.O., mas n\u00e3o foram conseguiram faz\u00ea-lo via internet, ou n\u00e3o foram atendidos rapidamente na delegacia. Um deles disse que sua loja sofreu uma invas\u00e3o \u00e0s 3h e uma viatura s\u00f3 chegou \u00e0s 8h &#8211; cinco horas depois.<\/p>\n<p>O Capit\u00e3o Ernesto ouviu as reclama\u00e7\u00f5es e pediu a todos que sempre chamem a pol\u00edcia quando desconfiarem de alguma coisa. &#8220;Nem que seja s\u00f3 um gato&#8221;, brincou o policial.<\/p>\n<p><em>Fonte: Granja News<\/em><\/p>\n\n<div style=\"font-size: 0px; height: 0px; line-height: 0px; margin: 0; padding: 0; clear: both;\"><\/div>","protected":false},"excerpt":{"rendered":"<p>Comerciantes e propriet\u00e1rios de diversos estabelecimentos localizados na Avenida S\u00e3o Camilo realizaram uma reuni\u00e3o na sede do M\u00e9todo De Rose, localizada na mesma avenida, para discutir a seguran\u00e7a da via. Segundo os propriet\u00e1rios, nos \u00faltimos 30 dias, houve mais de 15 casos de furtos, ocorridos preferencialmente de madrugada. Os relatos dos presentes d\u00e3o conta de que os criminosos geralmente invadem os locais de madrugada, quando n\u00e3o h\u00e1 mais ningu\u00e9m trabalhando, e levam equipamentos de valor (televis\u00f5es, c\u00e2meras, etc). Marcos, propriet\u00e1rio do De Rose, demonstrou preocupa\u00e7\u00e3o. \u201cPor enquanto, est\u00e3o levando apenas bens materiais, sem contato direto conosco. E quando come\u00e7arem a <\/p>\n","protected":false},"author":1,"featured_media":0,"comment_status":"open","ping_status":"closed","sticky":false,"template":"","format":"standard","meta":{"footnotes":""},"categories":[6],"tags":[14],"aioseo_notices":[],"_links":{"self":[{"href":"https:\/\/www.encontragranjaviana.com.br\/sobre\/wp-json\/wp\/v2\/posts\/473"}],"collection":[{"href":"https:\/\/www.encontragranjaviana.com.br\/sobre\/wp-json\/wp\/v2\/posts"}],"about":[{"href":"https:\/\/www.encontragranjaviana.com.br\/sobre\/wp-json\/wp\/v2\/types\/post"}],"author":[{"embeddable":true,"href":"https:\/\/www.encontragranjaviana.com.br\/sobre\/wp-json\/wp\/v2\/users\/1"}],"replies":[{"embeddable":true,"href":"https:\/\/www.encontragranjaviana.com.br\/sobre\/wp-json\/wp\/v2\/comments?post=473"}],"version-history":[{"count":0,"href":"https:\/\/www.encontragranjaviana.com.br\/sobre\/wp-json\/wp\/v2\/posts\/473\/revisions"}],"wp:attachment":[{"href":"https:\/\/www.encontragranjaviana.com.br\/sobre\/wp-json\/wp\/v2\/media?parent=473"}],"wp:term":[{"taxonomy":"category","embeddable":true,"href":"https:\/\/www.encontragranjaviana.com.br\/sobre\/wp-json\/wp\/v2\/categories?post=473"},{"taxonomy":"post_tag","embeddable":true,"href":"https:\/\/www.encontragranjaviana.com.br\/sobre\/wp-json\/wp\/v2\/tags?post=473"}],"curies":[{"name":"wp","href":"https:\/\/api.w.org\/{rel}","templated":true}]}}