{"id":442,"date":"2012-07-20T16:34:47","date_gmt":"2012-07-20T18:34:47","guid":{"rendered":"http:\/\/www.encontragranjaviana.com.br\/noticias\/?p=442"},"modified":"2019-04-29T16:23:57","modified_gmt":"2019-04-29T18:23:57","slug":"ecofeira-granja-viana-de-agosto-tera-homenagem-aos-pais","status":"publish","type":"post","link":"https:\/\/www.encontragranjaviana.com.br\/sobre\/ecofeira-granja-viana-de-agosto-tera-homenagem-aos-pais\/","title":{"rendered":"Ecofeira Granja Viana de agosto ter\u00e1 homenagem aos Pais"},"content":{"rendered":"<div class=\"15401c187b342417d42857c0d7dac0c7\" data-index=\"1\" style=\"float: left; margin: 15px 15px 15px 0;\">\n<!-- EBR \/Novo-Bairro\/ 300x250 - pub-85 -->\r\n<ins class=\"adsbygoogle\"\r\n     style=\"display:inline-block;width:300px;height:250px\"\r\n     data-ad-client=\"ca-pub-8585364105181520\"\r\n     data-ad-slot=\"4691134188\"><\/ins>\r\n<script>\r\n(adsbygoogle = window.adsbygoogle || []).push({});\r\n<\/script>\n<\/div>\n<p>A pr\u00f3xima <a href=\"http:\/\/www.encontragranjaviana.com.br\/granja-viana\/ecofeira-na-granja-viana.shtml\" target=\"_blank\">Ecofeira Granja Viana<\/a> contar\u00e1 com uma programa\u00e7\u00e3o especial em homenagem aos Pais com:<\/p>\n<p>&#8211; Delicioso caf\u00e9 da manh\u00e3, oferecido pelos expositores das 9h30 \u00e0s 10h30h<br \/>\n&#8211; Oficina de Pipas<br \/>\n&#8211; Degusta\u00e7\u00e3o de Cervejas<\/p>\n<p>Como de costume o visitante poder\u00e1 comprar verduras, legumes e cogumelos fresquinhos e org\u00e2nicos da nossa regi\u00e3o, como tamb\u00e9m flores e mudas ornamentais, conservas e compotas, p\u00e3es, massas, gr\u00e3os, biscoitos e bolos; a exposi\u00e7\u00e3o ainda contar\u00e1 com artesanato diferenciado sustent\u00e1vel.<\/p>\n<p>Para Feira AUescambAU tragam livros, CDs e roupas (no m\u00e1ximo 4 objetos em bom estado).<\/p>\n<p>Quando: Domingo, dia 5 de agosto<br \/>\nHor\u00e1rio: das 9 \u00e0s 14 horas<br \/>\nLocal: Escola Granja Viana &#8211; Avenida Jos\u00e9 Felix de Oliveira, 1270<\/p>\n\n<div style=\"font-size: 0px; height: 0px; line-height: 0px; margin: 0; padding: 0; clear: both;\"><\/div>","protected":false},"excerpt":{"rendered":"<p>A pr\u00f3xima Ecofeira Granja Viana contar\u00e1 com uma programa\u00e7\u00e3o especial em homenagem aos Pais com: &#8211; Delicioso caf\u00e9 da manh\u00e3, oferecido pelos expositores das 9h30 \u00e0s 10h30h &#8211; Oficina de Pipas &#8211; Degusta\u00e7\u00e3o de Cervejas Como de costume o visitante poder\u00e1 comprar verduras, legumes e cogumelos fresquinhos e org\u00e2nicos da nossa regi\u00e3o, como tamb\u00e9m flores e mudas ornamentais, conservas e compotas, p\u00e3es, massas, gr\u00e3os, biscoitos e bolos; a exposi\u00e7\u00e3o ainda contar\u00e1 com artesanato diferenciado sustent\u00e1vel. Para Feira AUescambAU tragam livros, CDs e roupas (no m\u00e1ximo 4 objetos em bom estado). Quando: Domingo, dia 5 de agosto Hor\u00e1rio: das 9 \u00e0s <\/p>\n","protected":false},"author":1,"featured_media":0,"comment_status":"open","ping_status":"closed","sticky":false,"template":"","format":"standard","meta":{"footnotes":""},"categories":[6],"tags":[14],"aioseo_notices":[],"_links":{"self":[{"href":"https:\/\/www.encontragranjaviana.com.br\/sobre\/wp-json\/wp\/v2\/posts\/442"}],"collection":[{"href":"https:\/\/www.encontragranjaviana.com.br\/sobre\/wp-json\/wp\/v2\/posts"}],"about":[{"href":"https:\/\/www.encontragranjaviana.com.br\/sobre\/wp-json\/wp\/v2\/types\/post"}],"author":[{"embeddable":true,"href":"https:\/\/www.encontragranjaviana.com.br\/sobre\/wp-json\/wp\/v2\/users\/1"}],"replies":[{"embeddable":true,"href":"https:\/\/www.encontragranjaviana.com.br\/sobre\/wp-json\/wp\/v2\/comments?post=442"}],"version-history":[{"count":0,"href":"https:\/\/www.encontragranjaviana.com.br\/sobre\/wp-json\/wp\/v2\/posts\/442\/revisions"}],"wp:attachment":[{"href":"https:\/\/www.encontragranjaviana.com.br\/sobre\/wp-json\/wp\/v2\/media?parent=442"}],"wp:term":[{"taxonomy":"category","embeddable":true,"href":"https:\/\/www.encontragranjaviana.com.br\/sobre\/wp-json\/wp\/v2\/categories?post=442"},{"taxonomy":"post_tag","embeddable":true,"href":"https:\/\/www.encontragranjaviana.com.br\/sobre\/wp-json\/wp\/v2\/tags?post=442"}],"curies":[{"name":"wp","href":"https:\/\/api.w.org\/{rel}","templated":true}]}}