{"id":431,"date":"2012-07-13T15:38:15","date_gmt":"2012-07-13T17:38:15","guid":{"rendered":"http:\/\/www.encontragranjaviana.com.br\/noticias\/?p=431"},"modified":"2019-04-29T16:23:57","modified_gmt":"2019-04-29T18:23:57","slug":"neste-domingo-tem-feirinha-de-adocao-de-caes-na-granja-viana","status":"publish","type":"post","link":"https:\/\/www.encontragranjaviana.com.br\/sobre\/neste-domingo-tem-feirinha-de-adocao-de-caes-na-granja-viana\/","title":{"rendered":"Neste domingo tem feirinha de ado\u00e7\u00e3o de c\u00e3es na Granja Viana"},"content":{"rendered":"<div class=\"15401c187b342417d42857c0d7dac0c7\" data-index=\"1\" style=\"float: left; margin: 15px 15px 15px 0;\">\n<!-- EBR \/Novo-Bairro\/ 300x250 - pub-85 -->\r\n<ins class=\"adsbygoogle\"\r\n     style=\"display:inline-block;width:300px;height:250px\"\r\n     data-ad-client=\"ca-pub-8585364105181520\"\r\n     data-ad-slot=\"4691134188\"><\/ins>\r\n<script>\r\n(adsbygoogle = window.adsbygoogle || []).push({});\r\n<\/script>\n<\/div>\n<p>Neste domingo (15), a Granja Viana recebe a Feirinha de Ado\u00e7\u00e3o de Patinhas da Liberdade. O evento ser\u00e1 realizado\u00a0Condom\u00ednio do Centro Comercial RT23, localizado na\u00a0altura do km 23,5 da Rodovia Raposo Tavares.<\/p>\n<p><strong>Confira os c\u00e3es que poder\u00e3o ser adotados:<\/strong><\/p>\n<p>Leilah:\u00a0resgatada na porta de uma empresa pr\u00f3xima \u00e0 Regis Bittencourt &#8211; Cidade Embu &#8211; Aprox 02 anos &#8211; brincalhona, ativa e carinhosa<\/p>\n<p>Niela: resgatada na porta do condom\u00ednio, pr\u00f3ximo \u00e0 estrada de Caucaia. Aprox 02 anos &#8211; brincalhona, ativa e carinhosa<\/p>\n<p>Luna: resgatada no cio em Cotia, sendo maltratada pelos machos. Aprox 02 anos &#8211; ativa e amorosa<\/p>\n<p>Bob: abandonado no pet shop no banho e tosa, tem aprox 04 anos. Amoroso e brincalh\u00e3o.<\/p>\n<p>Billy: abandonado na Avenida Pomp\u00e9ia, em S\u00e3o Paulo. Meigo e carinhoso, tem aprox. 05 anos<\/p>\n<p>Mamel: abandonado em Barueri ainda filhote. Ativo, brincalh\u00e3o e amoroso. Aproximadamente 02 anos.<\/p>\n<p>Requisitos para ado\u00e7\u00e3o: ser maior de idade ou ter um respons\u00e1vel; ter espa\u00e7o e amor para proporcionar ao c\u00e3o; gostar de animais.<\/p>\n<p><strong>Servi\u00e7o<\/strong><\/p>\n<p><strong>Feirinha de Ado\u00e7\u00e3o de Patinhas da Liberdade<\/strong><\/p>\n<p><strong>Data:<\/strong> 15 de julho de 2012<\/p>\n<p><strong>Hor\u00e1rio:<\/strong> das 10h \u00e0s 16h<\/p>\n<p><strong>Endere\u00e7o:<\/strong>\u00a0Espa\u00e7o do Condom\u00ednio do Centro Comercial RT23 &#8211; o estacionamento aberto do P\u00e3o de A\u00e7\u00facar da Granja Viana (altura do km23,5 da Rod. Raposo Tavares &#8211; sentido SP-Cotia)<\/p>\n<p><strong>Informa\u00e7\u00f5es: <\/strong>Fabiola (11) 7117-6029<\/p>\n<p><em>Fonte: Site da Granja<\/em><\/p>\n\n<div style=\"font-size: 0px; height: 0px; line-height: 0px; margin: 0; padding: 0; clear: both;\"><\/div>","protected":false},"excerpt":{"rendered":"<p>Neste domingo (15), a Granja Viana recebe a Feirinha de Ado\u00e7\u00e3o de Patinhas da Liberdade. O evento ser\u00e1 realizado\u00a0Condom\u00ednio do Centro Comercial RT23, localizado na\u00a0altura do km 23,5 da Rodovia Raposo Tavares. Confira os c\u00e3es que poder\u00e3o ser adotados: Leilah:\u00a0resgatada na porta de uma empresa pr\u00f3xima \u00e0 Regis Bittencourt &#8211; Cidade Embu &#8211; Aprox 02 anos &#8211; brincalhona, ativa e carinhosa Niela: resgatada na porta do condom\u00ednio, pr\u00f3ximo \u00e0 estrada de Caucaia. Aprox 02 anos &#8211; brincalhona, ativa e carinhosa Luna: resgatada no cio em Cotia, sendo maltratada pelos machos. Aprox 02 anos &#8211; ativa e amorosa Bob: abandonado no <\/p>\n","protected":false},"author":1,"featured_media":0,"comment_status":"open","ping_status":"closed","sticky":false,"template":"","format":"standard","meta":{"footnotes":""},"categories":[6],"tags":[14],"aioseo_notices":[],"_links":{"self":[{"href":"https:\/\/www.encontragranjaviana.com.br\/sobre\/wp-json\/wp\/v2\/posts\/431"}],"collection":[{"href":"https:\/\/www.encontragranjaviana.com.br\/sobre\/wp-json\/wp\/v2\/posts"}],"about":[{"href":"https:\/\/www.encontragranjaviana.com.br\/sobre\/wp-json\/wp\/v2\/types\/post"}],"author":[{"embeddable":true,"href":"https:\/\/www.encontragranjaviana.com.br\/sobre\/wp-json\/wp\/v2\/users\/1"}],"replies":[{"embeddable":true,"href":"https:\/\/www.encontragranjaviana.com.br\/sobre\/wp-json\/wp\/v2\/comments?post=431"}],"version-history":[{"count":0,"href":"https:\/\/www.encontragranjaviana.com.br\/sobre\/wp-json\/wp\/v2\/posts\/431\/revisions"}],"wp:attachment":[{"href":"https:\/\/www.encontragranjaviana.com.br\/sobre\/wp-json\/wp\/v2\/media?parent=431"}],"wp:term":[{"taxonomy":"category","embeddable":true,"href":"https:\/\/www.encontragranjaviana.com.br\/sobre\/wp-json\/wp\/v2\/categories?post=431"},{"taxonomy":"post_tag","embeddable":true,"href":"https:\/\/www.encontragranjaviana.com.br\/sobre\/wp-json\/wp\/v2\/tags?post=431"}],"curies":[{"name":"wp","href":"https:\/\/api.w.org\/{rel}","templated":true}]}}