{"id":421,"date":"2012-07-06T15:13:43","date_gmt":"2012-07-06T17:13:43","guid":{"rendered":"http:\/\/www.encontragranjaviana.com.br\/noticias\/?p=421"},"modified":"2019-04-29T16:23:57","modified_gmt":"2019-04-29T18:23:57","slug":"the-square-granja-vianna-apresenta-a-exposicao-o-automovel-e-o-cinema","status":"publish","type":"post","link":"https:\/\/www.encontragranjaviana.com.br\/sobre\/the-square-granja-vianna-apresenta-a-exposicao-o-automovel-e-o-cinema\/","title":{"rendered":"The Square Granja Vianna apresenta a exposi\u00e7\u00e3o O Autom\u00f3vel e o Cinema"},"content":{"rendered":"<div class=\"15401c187b342417d42857c0d7dac0c7\" data-index=\"1\" style=\"float: left; margin: 15px 15px 15px 0;\">\n<!-- EBR \/Novo-Bairro\/ 300x250 - pub-85 -->\r\n<ins class=\"adsbygoogle\"\r\n     style=\"display:inline-block;width:300px;height:250px\"\r\n     data-ad-client=\"ca-pub-8585364105181520\"\r\n     data-ad-slot=\"4691134188\"><\/ins>\r\n<script>\r\n(adsbygoogle = window.adsbygoogle || []).push({});\r\n<\/script>\n<\/div>\n<p>Uma s\u00e9rie de imagens e hist\u00f3rias promete entreter os visitantes da exposi\u00e7\u00e3o &#8220;O Autom\u00f3vel e o Cinema&#8221;.<\/p>\n<p>O evento gratuito acontece at\u00e9 19 de agosto e faz parte do Festival de Inverno do The Square Open Mall (Granja Viana).<\/p>\n<p>Fotos da musa do cinema Marilyn Monroe mostram a atriz fazendo pose em seu Cadillac numa imagem de 1953, enquanto a dupla de comediantes &#8220;O Gordo e o Magro&#8221; aparece ao lado de um Studbaker President, na imagem de 1932.<\/p>\n<p><strong>Servi\u00e7o:<\/strong><\/p>\n<p><strong>&#8220;O Autom\u00f3vel e o Cinema&#8221;<\/strong><br \/>\n<strong>QUANDO:<\/strong>\u00a0at\u00e9 19 de agosto (somente nos finais de semana: s\u00e1bado, das 10h \u00e0s 22h; domingo, das 14h \u00e0s 20h )<br \/>\n<strong>ONDE:<\/strong>\u00a0The Square Open Mall (rodovia Raposo Tavares, Km 22; tel. 0\/xx\/11\/2898-9595)<br \/>\n<strong>QUANTO:<\/strong>\u00a0gr\u00e1tis<\/p>\n<p><em>Fonte: Folha.com<\/em><\/p>\n\n<div style=\"font-size: 0px; height: 0px; line-height: 0px; margin: 0; padding: 0; clear: both;\"><\/div>","protected":false},"excerpt":{"rendered":"<p>Uma s\u00e9rie de imagens e hist\u00f3rias promete entreter os visitantes da exposi\u00e7\u00e3o &#8220;O Autom\u00f3vel e o Cinema&#8221;. O evento gratuito acontece at\u00e9 19 de agosto e faz parte do Festival de Inverno do The Square Open Mall (Granja Viana). Fotos da musa do cinema Marilyn Monroe mostram a atriz fazendo pose em seu Cadillac numa imagem de 1953, enquanto a dupla de comediantes &#8220;O Gordo e o Magro&#8221; aparece ao lado de um Studbaker President, na imagem de 1932. Servi\u00e7o: &#8220;O Autom\u00f3vel e o Cinema&#8221; QUANDO:\u00a0at\u00e9 19 de agosto (somente nos finais de semana: s\u00e1bado, das 10h \u00e0s 22h; domingo, <\/p>\n","protected":false},"author":1,"featured_media":0,"comment_status":"open","ping_status":"closed","sticky":false,"template":"","format":"standard","meta":{"footnotes":""},"categories":[17],"tags":[14],"aioseo_notices":[],"_links":{"self":[{"href":"https:\/\/www.encontragranjaviana.com.br\/sobre\/wp-json\/wp\/v2\/posts\/421"}],"collection":[{"href":"https:\/\/www.encontragranjaviana.com.br\/sobre\/wp-json\/wp\/v2\/posts"}],"about":[{"href":"https:\/\/www.encontragranjaviana.com.br\/sobre\/wp-json\/wp\/v2\/types\/post"}],"author":[{"embeddable":true,"href":"https:\/\/www.encontragranjaviana.com.br\/sobre\/wp-json\/wp\/v2\/users\/1"}],"replies":[{"embeddable":true,"href":"https:\/\/www.encontragranjaviana.com.br\/sobre\/wp-json\/wp\/v2\/comments?post=421"}],"version-history":[{"count":0,"href":"https:\/\/www.encontragranjaviana.com.br\/sobre\/wp-json\/wp\/v2\/posts\/421\/revisions"}],"wp:attachment":[{"href":"https:\/\/www.encontragranjaviana.com.br\/sobre\/wp-json\/wp\/v2\/media?parent=421"}],"wp:term":[{"taxonomy":"category","embeddable":true,"href":"https:\/\/www.encontragranjaviana.com.br\/sobre\/wp-json\/wp\/v2\/categories?post=421"},{"taxonomy":"post_tag","embeddable":true,"href":"https:\/\/www.encontragranjaviana.com.br\/sobre\/wp-json\/wp\/v2\/tags?post=421"}],"curies":[{"name":"wp","href":"https:\/\/api.w.org\/{rel}","templated":true}]}}