{"id":418,"date":"2012-07-04T19:33:37","date_gmt":"2012-07-04T21:33:37","guid":{"rendered":"http:\/\/www.encontragranjaviana.com.br\/noticias\/?p=418"},"modified":"2019-04-29T16:23:57","modified_gmt":"2019-04-29T18:23:57","slug":"conseg-granja-viana-realiza-reuniao-nesta-quinta-feira","status":"publish","type":"post","link":"https:\/\/www.encontragranjaviana.com.br\/sobre\/conseg-granja-viana-realiza-reuniao-nesta-quinta-feira\/","title":{"rendered":"CONSEG Granja Viana realiza reuni\u00e3o nesta quinta-feira"},"content":{"rendered":"<div class=\"15401c187b342417d42857c0d7dac0c7\" data-index=\"1\" style=\"float: left; margin: 15px 15px 15px 0;\">\n<!-- EBR \/Novo-Bairro\/ 300x250 - pub-85 -->\r\n<ins class=\"adsbygoogle\"\r\n     style=\"display:inline-block;width:300px;height:250px\"\r\n     data-ad-client=\"ca-pub-8585364105181520\"\r\n     data-ad-slot=\"4691134188\"><\/ins>\r\n<script>\r\n(adsbygoogle = window.adsbygoogle || []).push({});\r\n<\/script>\n<\/div>\n<p>A diretoria do CONSEG Granja Viana realiza nesta quinta-feira, \u00e0s 20h, sua reuni\u00e3o mensal. O encontro de julho abordar\u00e1 a seguran\u00e7a na regi\u00e3o.<\/p>\n<p>O evento ser\u00e1 realizado no\u00a0Sal\u00e3o Paroquial da Igreja N.Sra. do Brasil, localizada no km 25 da Rodovia Raposo Tavares.<strong>\u00a0<\/strong><\/p>\n<p><strong>Servi\u00e7o<\/strong><\/p>\n<p><strong>Reuni\u00e3o Mensal CONSEG Granja Viana<\/strong><\/p>\n<p><strong>Data: <\/strong>5 de julho de 2012<br \/>\n<strong><\/strong><\/p>\n<p><strong>Hor\u00e1rio: <\/strong>20h<br \/>\n<strong><\/strong><\/p>\n<p><strong>Local: <\/strong>Sal\u00e3o Paroquial da Igreja N.Sra. do Brasil<strong>\u00a0<\/strong><\/p>\n<p><strong>Endere\u00e7o: <\/strong>Rua dos Manac\u00e1s, 10 \u2013 Km 25 da Rodovia Raposo Tavares &#8211; Granja Viana &#8211; Cidade de Cotia<\/p>\n\n<div style=\"font-size: 0px; height: 0px; line-height: 0px; margin: 0; padding: 0; clear: both;\"><\/div>","protected":false},"excerpt":{"rendered":"<p>A diretoria do CONSEG Granja Viana realiza nesta quinta-feira, \u00e0s 20h, sua reuni\u00e3o mensal. O encontro de julho abordar\u00e1 a seguran\u00e7a na regi\u00e3o. O evento ser\u00e1 realizado no\u00a0Sal\u00e3o Paroquial da Igreja N.Sra. do Brasil, localizada no km 25 da Rodovia Raposo Tavares.\u00a0 Servi\u00e7o Reuni\u00e3o Mensal CONSEG Granja Viana Data: 5 de julho de 2012 Hor\u00e1rio: 20h Local: Sal\u00e3o Paroquial da Igreja N.Sra. do Brasil\u00a0 Endere\u00e7o: Rua dos Manac\u00e1s, 10 \u2013 Km 25 da Rodovia Raposo Tavares &#8211; Granja Viana &#8211; Cidade de Cotia<\/p>\n","protected":false},"author":1,"featured_media":0,"comment_status":"open","ping_status":"closed","sticky":false,"template":"","format":"standard","meta":{"footnotes":""},"categories":[6],"tags":[14],"aioseo_notices":[],"_links":{"self":[{"href":"https:\/\/www.encontragranjaviana.com.br\/sobre\/wp-json\/wp\/v2\/posts\/418"}],"collection":[{"href":"https:\/\/www.encontragranjaviana.com.br\/sobre\/wp-json\/wp\/v2\/posts"}],"about":[{"href":"https:\/\/www.encontragranjaviana.com.br\/sobre\/wp-json\/wp\/v2\/types\/post"}],"author":[{"embeddable":true,"href":"https:\/\/www.encontragranjaviana.com.br\/sobre\/wp-json\/wp\/v2\/users\/1"}],"replies":[{"embeddable":true,"href":"https:\/\/www.encontragranjaviana.com.br\/sobre\/wp-json\/wp\/v2\/comments?post=418"}],"version-history":[{"count":0,"href":"https:\/\/www.encontragranjaviana.com.br\/sobre\/wp-json\/wp\/v2\/posts\/418\/revisions"}],"wp:attachment":[{"href":"https:\/\/www.encontragranjaviana.com.br\/sobre\/wp-json\/wp\/v2\/media?parent=418"}],"wp:term":[{"taxonomy":"category","embeddable":true,"href":"https:\/\/www.encontragranjaviana.com.br\/sobre\/wp-json\/wp\/v2\/categories?post=418"},{"taxonomy":"post_tag","embeddable":true,"href":"https:\/\/www.encontragranjaviana.com.br\/sobre\/wp-json\/wp\/v2\/tags?post=418"}],"curies":[{"name":"wp","href":"https:\/\/api.w.org\/{rel}","templated":true}]}}