{"id":412,"date":"2012-06-29T17:30:57","date_gmt":"2012-06-29T19:30:57","guid":{"rendered":"http:\/\/www.encontragranjaviana.com.br\/noticias\/?p=412"},"modified":"2019-04-29T16:23:57","modified_gmt":"2019-04-29T18:23:57","slug":"53%c2%aa-festa-de-santo-antonio-acontece-neste-fim-de-semana-na-granja-viana","status":"publish","type":"post","link":"https:\/\/www.encontragranjaviana.com.br\/sobre\/53%c2%aa-festa-de-santo-antonio-acontece-neste-fim-de-semana-na-granja-viana\/","title":{"rendered":"53\u00aa Festa de Santo Ant\u00f4nio acontece neste fim de semana na Granja Viana"},"content":{"rendered":"<div class=\"15401c187b342417d42857c0d7dac0c7\" data-index=\"1\" style=\"float: left; margin: 15px 15px 15px 0;\">\n<!-- EBR \/Novo-Bairro\/ 300x250 - pub-85 -->\r\n<ins class=\"adsbygoogle\"\r\n     style=\"display:inline-block;width:300px;height:250px\"\r\n     data-ad-client=\"ca-pub-8585364105181520\"\r\n     data-ad-slot=\"4691134188\"><\/ins>\r\n<script>\r\n(adsbygoogle = window.adsbygoogle || []).push({});\r\n<\/script>\n<\/div>\n<p>A maior festa da regi\u00e3o da Granja Viana chega a sua 53\u00aa Edi\u00e7\u00e3o e promete ser a maior de todos os tempos.<\/p>\n<p>A programa\u00e7\u00e3o art\u00edstica mais uma vez ser\u00e1 marcada pela mescla de artistas renomados com grupos folcl\u00f3ricos regionais.<br \/>\n<strong><\/strong><\/p>\n<p><strong>Servi\u00e7o<\/strong><\/p>\n<p><strong>53\u00ba Festa de Santo Antonio \u2013 \u201cAi de mim se eu n\u00e3o evangelizar\u201d (I Cor 9,16)<\/strong><\/p>\n<p><strong>Dias: <\/strong>30 de junho e 1\u00ba de julho<\/p>\n<p><strong>Hor\u00e1rio: <\/strong>a partir das 17 horas<\/p>\n<p><strong>Local: <\/strong>P\u00e1tio da <a href=\"http:\/\/www.encontragranjaviana.com.br\/granja-viana\/paroquia-santo-antonio-na-granja-viana.shtml\" target=\"_blank\">Par\u00f3quia Santo Antonio<\/a> da Granja Viana &#8211; Guia da Granja Viana<\/p>\n<p><strong>Mais informa\u00e7\u00f5es:\u00a0<\/strong>paroquiagranjaviana.com.br\u00a0ou pelo tel 4702 2295<\/p>\n\n<div style=\"font-size: 0px; height: 0px; line-height: 0px; margin: 0; padding: 0; clear: both;\"><\/div>","protected":false},"excerpt":{"rendered":"<p>A maior festa da regi\u00e3o da Granja Viana chega a sua 53\u00aa Edi\u00e7\u00e3o e promete ser a maior de todos os tempos. A programa\u00e7\u00e3o art\u00edstica mais uma vez ser\u00e1 marcada pela mescla de artistas renomados com grupos folcl\u00f3ricos regionais. Servi\u00e7o 53\u00ba Festa de Santo Antonio \u2013 \u201cAi de mim se eu n\u00e3o evangelizar\u201d (I Cor 9,16) Dias: 30 de junho e 1\u00ba de julho Hor\u00e1rio: a partir das 17 horas Local: P\u00e1tio da Par\u00f3quia Santo Antonio da Granja Viana &#8211; Guia da Granja Viana Mais informa\u00e7\u00f5es:\u00a0paroquiagranjaviana.com.br\u00a0ou pelo tel 4702 2295<\/p>\n","protected":false},"author":1,"featured_media":0,"comment_status":"open","ping_status":"closed","sticky":false,"template":"","format":"standard","meta":{"footnotes":""},"categories":[6],"tags":[14],"aioseo_notices":[],"_links":{"self":[{"href":"https:\/\/www.encontragranjaviana.com.br\/sobre\/wp-json\/wp\/v2\/posts\/412"}],"collection":[{"href":"https:\/\/www.encontragranjaviana.com.br\/sobre\/wp-json\/wp\/v2\/posts"}],"about":[{"href":"https:\/\/www.encontragranjaviana.com.br\/sobre\/wp-json\/wp\/v2\/types\/post"}],"author":[{"embeddable":true,"href":"https:\/\/www.encontragranjaviana.com.br\/sobre\/wp-json\/wp\/v2\/users\/1"}],"replies":[{"embeddable":true,"href":"https:\/\/www.encontragranjaviana.com.br\/sobre\/wp-json\/wp\/v2\/comments?post=412"}],"version-history":[{"count":0,"href":"https:\/\/www.encontragranjaviana.com.br\/sobre\/wp-json\/wp\/v2\/posts\/412\/revisions"}],"wp:attachment":[{"href":"https:\/\/www.encontragranjaviana.com.br\/sobre\/wp-json\/wp\/v2\/media?parent=412"}],"wp:term":[{"taxonomy":"category","embeddable":true,"href":"https:\/\/www.encontragranjaviana.com.br\/sobre\/wp-json\/wp\/v2\/categories?post=412"},{"taxonomy":"post_tag","embeddable":true,"href":"https:\/\/www.encontragranjaviana.com.br\/sobre\/wp-json\/wp\/v2\/tags?post=412"}],"curies":[{"name":"wp","href":"https:\/\/api.w.org\/{rel}","templated":true}]}}