{"id":40,"date":"2010-11-23T10:25:16","date_gmt":"2010-11-23T12:25:16","guid":{"rendered":"http:\/\/www.encontragranjaviana.com.br\/noticias\/?p=40"},"modified":"2019-04-29T16:24:21","modified_gmt":"2019-04-29T18:24:21","slug":"treinos-das-500-milhas-da-granja-viana-comecam-nesta-terca","status":"publish","type":"post","link":"https:\/\/www.encontragranjaviana.com.br\/sobre\/treinos-das-500-milhas-da-granja-viana-comecam-nesta-terca\/","title":{"rendered":"Treinos das 500 Milhas da Granja Viana come\u00e7am nesta ter\u00e7a"},"content":{"rendered":"<div class=\"15401c187b342417d42857c0d7dac0c7\" data-index=\"1\" style=\"float: left; margin: 15px 15px 15px 0;\">\n<!-- EBR \/Novo-Bairro\/ 300x250 - pub-85 -->\r\n<ins class=\"adsbygoogle\"\r\n     style=\"display:inline-block;width:300px;height:250px\"\r\n     data-ad-client=\"ca-pub-8585364105181520\"\r\n     data-ad-slot=\"4691134188\"><\/ins>\r\n<script>\r\n(adsbygoogle = window.adsbygoogle || []).push({});\r\n<\/script>\n<\/div>\n<p>Os treinos livres da 14\u00aa edi\u00e7\u00e3o das 500 Milhas da Granja Viana ser\u00e3o abertos na pr\u00f3xima ter\u00e7a-feira. O evento mais tradicional do kartismo brasileiro avaliar\u00e1 a nova programa\u00e7\u00e3o de testes, que foram todos concentrados apenas na semana da prova. At\u00e9 o ano passado, pilotos e equipes iniciavam a prepara\u00e7\u00e3o at\u00e9 um m\u00eas antes da corrida. A ter\u00e7a ser\u00e1 de intensas atividades no kart\u00f3dromo de Cotia, na Grande S\u00e3o Paulo, j\u00e1 que a pista estar\u00e1 aberta entre as 12h e as 23h30min.<\/p>\n<p>A decis\u00e3o de &#8220;enxugar&#8221; a programa\u00e7\u00e3o foi adotada em nome da diminui\u00e7\u00e3o de custos e da busca de uma maior paridade de for\u00e7as entre as equipes.<\/p>\n<p>&#8220;\u00c9 mais ou menos o mesmo formato daquela outra corrida famosa de 500 milhas, realizada em Indianapolis&#8221;, brinca Felipe Giaffone, que segue acumulando as fun\u00e7\u00f5es de promotor com a de parceiro de Rubinho Barrichello e Tony Kanaan.<\/p>\n<p>&#8220;L\u00e1 eles tamb\u00e9m reduziram bastante o n\u00famero de treinos. Nosso objetivo \u00e9 diminuir o custo para os pilotos, n\u00e3o s\u00f3 pelo menor desgaste de equipamento, como tamb\u00e9m na m\u00e3o-de-obra. Antes, os mec\u00e2nicos trabalhavam um m\u00eas inteiro para apenas uma prova&#8221;, justifica Giaffone.<br \/>\nAo longo dos pr\u00f3ximos dias,<\/p>\n<p>expectativa \u00e9 que o n\u00famero m\u00e1ximo estabelecido para o grid &#8211; 60 karts &#8211; seja completado. Outra novidade em 2010 \u00e9 que cada equipe est\u00e1 recebendo um eixo e um escapamento por kart.<\/p>\n<p>&#8220;At\u00e9 o ano passado, as equipes grandes testavam v\u00e1rios eixos. Agora, ser\u00e1 um \u00fanico para cada kart, como j\u00e1 ocorreu com o escapamento em 2009. \u00c9 mais uma forma de oferecer as mesmas condi\u00e7\u00f5es para todos os participantes&#8221;, afirma Giaffone.<br \/>\nO pacote t\u00e9cnico com custo fechado tamb\u00e9m est\u00e1 sendo introduzido na prova deste ano.<\/p>\n<p>&#8220;\u00c9 um modelo parecido com o Mini Challenge, no qual v\u00e1rios carros recebem a mesma prepara\u00e7\u00e3o&#8221;, compara.<\/p>\n<p>Criadas em 1997 com o prop\u00f3sito de fechar com uma grande festa o calend\u00e1rio automobil\u00edstico nacional, as 500 Milhas da Granja Viana cresceram e anualmente atraem pilotos das principais categorias nacionais e internacionais, como F\u00f3rmula 1, F\u00f3rmula Indy, GP2, Stock Car e diversas outras. Em 2009, a vit\u00f3ria coube ao trio liderado por Felipe Massa e completado por Lucas di Grassi e J\u00falio Campos, Foi o terceiro t\u00edtulo de Massa na Granja Viana, depois das conquistas na primeira edi\u00e7\u00e3o e em 2002 ao lado de Barrichello e Kanaan. Antigos parceiros, Barrichello e Kanaan dividem dois recordes: o de participa\u00e7\u00e3o (estiveram em todas as edi\u00e7\u00f5es) e t\u00edtulos (oito em 13 corridas), estes \u00faltimos na maioria das vezes contando com o refor\u00e7o de Felipe Giaffone.<\/p>\n<p>Barrichello, Kanaan e Giaffone v\u00e3o liderar os dois karts da equipe na busca pelo t\u00edtulo perdido no ano passado. Felipe Massa ser\u00e1 a aus\u00eancia mais sentida, j\u00e1 que permanecer\u00e1 na Europa para cumprir compromissos pela Ferrari. No entanto, outros grandes nomes, que correm ou correram na F\u00f3rmula 1 como Lucas di Grassi, Nelsinho Piquet e Christian Fittipaldi, est\u00e3o garantidos no evento, bem como colegas da F\u00f3rmula Indy como Bia Figueiredo e V\u00edtor Meira.<\/p>\n<p>A largada da prova est\u00e1 marcada para s\u00e1bado \u00e0s 10h30min. Outras informa\u00e7\u00f5es sobre as 500 Milhas da Granja Viana podem ser conseguidas na secretaria do kart\u00f3dromo.<br \/>\n<em><br \/>\nFonte: Cotia Todo Dia<\/em><\/p>\n\n<div style=\"font-size: 0px; height: 0px; line-height: 0px; margin: 0; padding: 0; clear: both;\"><\/div>","protected":false},"excerpt":{"rendered":"<p>Os treinos livres da 14\u00aa edi\u00e7\u00e3o das 500 Milhas da Granja Viana ser\u00e3o abertos na pr\u00f3xima ter\u00e7a-feira. O evento mais tradicional do kartismo brasileiro avaliar\u00e1 a nova programa\u00e7\u00e3o de testes, que foram todos concentrados apenas na semana da prova. At\u00e9 o ano passado, pilotos e equipes iniciavam a prepara\u00e7\u00e3o at\u00e9 um m\u00eas antes da corrida. A ter\u00e7a ser\u00e1 de intensas atividades no kart\u00f3dromo de Cotia, na Grande S\u00e3o Paulo, j\u00e1 que a pista estar\u00e1 aberta entre as 12h e as 23h30min. A decis\u00e3o de &#8220;enxugar&#8221; a programa\u00e7\u00e3o foi adotada em nome da diminui\u00e7\u00e3o de custos e da busca de uma <\/p>\n","protected":false},"author":1,"featured_media":0,"comment_status":"open","ping_status":"closed","sticky":false,"template":"","format":"standard","meta":{"footnotes":""},"categories":[6],"tags":[],"aioseo_notices":[],"_links":{"self":[{"href":"https:\/\/www.encontragranjaviana.com.br\/sobre\/wp-json\/wp\/v2\/posts\/40"}],"collection":[{"href":"https:\/\/www.encontragranjaviana.com.br\/sobre\/wp-json\/wp\/v2\/posts"}],"about":[{"href":"https:\/\/www.encontragranjaviana.com.br\/sobre\/wp-json\/wp\/v2\/types\/post"}],"author":[{"embeddable":true,"href":"https:\/\/www.encontragranjaviana.com.br\/sobre\/wp-json\/wp\/v2\/users\/1"}],"replies":[{"embeddable":true,"href":"https:\/\/www.encontragranjaviana.com.br\/sobre\/wp-json\/wp\/v2\/comments?post=40"}],"version-history":[{"count":0,"href":"https:\/\/www.encontragranjaviana.com.br\/sobre\/wp-json\/wp\/v2\/posts\/40\/revisions"}],"wp:attachment":[{"href":"https:\/\/www.encontragranjaviana.com.br\/sobre\/wp-json\/wp\/v2\/media?parent=40"}],"wp:term":[{"taxonomy":"category","embeddable":true,"href":"https:\/\/www.encontragranjaviana.com.br\/sobre\/wp-json\/wp\/v2\/categories?post=40"},{"taxonomy":"post_tag","embeddable":true,"href":"https:\/\/www.encontragranjaviana.com.br\/sobre\/wp-json\/wp\/v2\/tags?post=40"}],"curies":[{"name":"wp","href":"https:\/\/api.w.org\/{rel}","templated":true}]}}