{"id":38,"date":"2010-11-23T21:24:29","date_gmt":"2010-11-23T23:24:29","guid":{"rendered":"http:\/\/www.encontragranjaviana.com.br\/noticias\/?p=38"},"modified":"2019-04-29T16:24:21","modified_gmt":"2019-04-29T18:24:21","slug":"rubinho-barrichello-define-equipe-para-correr-500-milhas-na-graja-viana","status":"publish","type":"post","link":"https:\/\/www.encontragranjaviana.com.br\/sobre\/rubinho-barrichello-define-equipe-para-correr-500-milhas-na-graja-viana\/","title":{"rendered":"Rubinho Barrichello define equipe para correr 500 Milhas na Graja Viana"},"content":{"rendered":"<div class=\"15401c187b342417d42857c0d7dac0c7\" data-index=\"1\" style=\"float: left; margin: 15px 15px 15px 0;\">\n<!-- EBR \/Novo-Bairro\/ 300x250 - pub-85 -->\r\n<ins class=\"adsbygoogle\"\r\n     style=\"display:inline-block;width:300px;height:250px\"\r\n     data-ad-client=\"ca-pub-8585364105181520\"\r\n     data-ad-slot=\"4691134188\"><\/ins>\r\n<script>\r\n(adsbygoogle = window.adsbygoogle || []).push({});\r\n<\/script>\n<\/div>\n<p>Rubens Barrichello estar\u00e1 novamente ao lado de Tony Kanaan para a  disputa das 500 milhas de Kart da Granja Viana, que acontece neste  s\u00e1bado em Cotia.<\/p>\n<p>A dupla \u00e9 a maior vencedora da prova, j\u00e1 tendo conquistado oito t\u00edtulos  em 13 edi\u00e7\u00f5es realizadas. Al\u00e9m disso, Rubinho e Tony foram os \u00fanicos  pilotos que participaram de todas as edi\u00e7\u00f5es da confraterniza\u00e7\u00e3o.<\/p>\n<p>&#8211; Chegar a esse momento do ano \u00e9 sempre um grande prazer, uma divers\u00e3o  com gosto de disputa. As &#8216;500 milhas da Granja Viana&#8217; e o &#8216;Desafio das  Estrelas&#8217; s\u00e3o as provas que fecham o meu calend\u00e1rio, ent\u00e3o, vou  aproveitar ao m\u00e1ximo e curtir esse ambiente incr\u00edvel. Tem muita gente  boa vindo para a disputa, que cada vez fica mais dif\u00edcil e competitiva.  Vamos nos divertir &#8211; disse Barrichello.<\/p>\n<p>A equipe do piloto de F\u00f3rmula 1 ainda conta com Felipe Giaffone, da  F\u00f3rmula Truck, Luciano Burti e Renato Russo, ambos da Stock Car.<\/p>\n<p>A prova do ano passado foi vencida por Felipe Massa, que ainda contava com Lucas di Grassi e J\u00falio Campos na equipe.<\/p>\n<p><em>Fonte: Cotia Todo Dia<\/em><\/p>\n\n<div style=\"font-size: 0px; height: 0px; line-height: 0px; margin: 0; padding: 0; clear: both;\"><\/div>","protected":false},"excerpt":{"rendered":"<p>Rubens Barrichello estar\u00e1 novamente ao lado de Tony Kanaan para a disputa das 500 milhas de Kart da Granja Viana, que acontece neste s\u00e1bado em Cotia. A dupla \u00e9 a maior vencedora da prova, j\u00e1 tendo conquistado oito t\u00edtulos em 13 edi\u00e7\u00f5es realizadas. Al\u00e9m disso, Rubinho e Tony foram os \u00fanicos pilotos que participaram de todas as edi\u00e7\u00f5es da confraterniza\u00e7\u00e3o. &#8211; Chegar a esse momento do ano \u00e9 sempre um grande prazer, uma divers\u00e3o com gosto de disputa. As &#8216;500 milhas da Granja Viana&#8217; e o &#8216;Desafio das Estrelas&#8217; s\u00e3o as provas que fecham o meu calend\u00e1rio, ent\u00e3o, vou aproveitar <\/p>\n","protected":false},"author":1,"featured_media":0,"comment_status":"open","ping_status":"closed","sticky":false,"template":"","format":"standard","meta":{"footnotes":""},"categories":[6],"tags":[],"aioseo_notices":[],"_links":{"self":[{"href":"https:\/\/www.encontragranjaviana.com.br\/sobre\/wp-json\/wp\/v2\/posts\/38"}],"collection":[{"href":"https:\/\/www.encontragranjaviana.com.br\/sobre\/wp-json\/wp\/v2\/posts"}],"about":[{"href":"https:\/\/www.encontragranjaviana.com.br\/sobre\/wp-json\/wp\/v2\/types\/post"}],"author":[{"embeddable":true,"href":"https:\/\/www.encontragranjaviana.com.br\/sobre\/wp-json\/wp\/v2\/users\/1"}],"replies":[{"embeddable":true,"href":"https:\/\/www.encontragranjaviana.com.br\/sobre\/wp-json\/wp\/v2\/comments?post=38"}],"version-history":[{"count":0,"href":"https:\/\/www.encontragranjaviana.com.br\/sobre\/wp-json\/wp\/v2\/posts\/38\/revisions"}],"wp:attachment":[{"href":"https:\/\/www.encontragranjaviana.com.br\/sobre\/wp-json\/wp\/v2\/media?parent=38"}],"wp:term":[{"taxonomy":"category","embeddable":true,"href":"https:\/\/www.encontragranjaviana.com.br\/sobre\/wp-json\/wp\/v2\/categories?post=38"},{"taxonomy":"post_tag","embeddable":true,"href":"https:\/\/www.encontragranjaviana.com.br\/sobre\/wp-json\/wp\/v2\/tags?post=38"}],"curies":[{"name":"wp","href":"https:\/\/api.w.org\/{rel}","templated":true}]}}