{"id":363,"date":"2012-05-31T20:00:51","date_gmt":"2012-05-31T22:00:51","guid":{"rendered":"http:\/\/www.encontragranjaviana.com.br\/noticias\/?p=363"},"modified":"2019-04-29T16:23:58","modified_gmt":"2019-04-29T18:23:58","slug":"carro-roubado-ha-tres-meses-na-granja-viana-causa-discordia","status":"publish","type":"post","link":"https:\/\/www.encontragranjaviana.com.br\/sobre\/carro-roubado-ha-tres-meses-na-granja-viana-causa-discordia\/","title":{"rendered":"Carro roubado h\u00e1 tr\u00eas meses na Granja Viana causa disc\u00f3rdia"},"content":{"rendered":"<div class=\"15401c187b342417d42857c0d7dac0c7\" data-index=\"1\" style=\"float: left; margin: 15px 15px 15px 0;\">\n<!-- EBR \/Novo-Bairro\/ 300x250 - pub-85 -->\r\n<ins class=\"adsbygoogle\"\r\n     style=\"display:inline-block;width:300px;height:250px\"\r\n     data-ad-client=\"ca-pub-8585364105181520\"\r\n     data-ad-slot=\"4691134188\"><\/ins>\r\n<script>\r\n(adsbygoogle = window.adsbygoogle || []).push({});\r\n<\/script>\n<\/div>\n<p>Logo ap\u00f3s sair do Shopping Granja Vianna, por volta das 21h30 do dia 3 de mar\u00e7o, o contador Jos\u00e9 Paulo Luna foi abordado por tr\u00eas homens armados. Eles levaram seu carro, dois celulares, um aparelho de GPS e R$ 280 em dinheiro. Quase tr\u00eas meses ap\u00f3s o incidente Jos\u00e9 espera uma atitude da administra\u00e7\u00e3o do shopping, que n\u00e3o disponibilizou a grava\u00e7\u00e3o de v\u00eddeo do sistema de seguran\u00e7a solicitada por ele na noite do crime.<\/p>\n<p>A cena do roubo, de acordo com o contador nascido e criado em Cotia, foi &#8220;aterrorizante&#8221;. S\u00f3 n\u00e3o foi pior porque sua esposa e neto, de tr\u00eas anos, que tamb\u00e9m estavam dentro do carro, escaparam ilesos. &#8220;Foi por pouco, um bandido chegou a apontar a arma para a cabe\u00e7a da crian\u00e7a. Nesse momento, minha esposa foi muito corajosa, protegeu o netinho e tirou ele do carro&#8221;.<\/p>\n<p>Antes mesmo de registrar um Boletim de Ocorr\u00eancia na delegacia de Cotia, Luna conta que pediu ao shopping a grava\u00e7\u00e3o do circuito de videomonitoramento e tamb\u00e9m protocolou solicita\u00e7\u00e3o de refor\u00e7o na seguran\u00e7a, mas sequer recebeu resposta. &#8220;Eu acho que os bandidos estavam nos seguindo desde l\u00e1 de dentro, por isso quero que o shopping tamb\u00e9m se responsabilize pelo acontecido&#8221;.<\/p>\n<p>No dia seguinte, o carro foi encontrado bastante danificado no bairro de Rio Pequeno, na zona oeste de S\u00e3o Paulo. Como o seguro do ve\u00edculo ainda n\u00e3o havia sido renovado, o preju\u00edzo do conserto est\u00e1 todo no bolso de Luna.<\/p>\n<p>Em nota enviada pela assessoria de imprensa, o Shopping Granja Viana informa que &#8220;lamenta o ocorrido e refor\u00e7a que toma todas as medidas necess\u00e1rias para garantir a seguran\u00e7a de seu p\u00fablico dentro do estabelecimento e participa constantemente de reuni\u00f5es com os \u00f3rg\u00e3os p\u00fablicos competentes&#8221;.<\/p>\n<p>A empresa complementa o comunicado dizendo que n\u00e3o conseguiu entrar em contato com o cliente. O impedimento seria um n\u00famero de telefone incorreto. Questionada, a assessoria de imprensa n\u00e3o quis informar qual n\u00famero de telefone do cliente constava no cadastro do shopping, mas frisou que sua Central de Atendimento &#8220;est\u00e1 \u00e0 disposi\u00e7\u00e3o para esclarecer todas as d\u00favidas&#8221;.<\/p>\n<p><em>Fonte: Portal Terra<\/em><\/p>\n\n<div style=\"font-size: 0px; height: 0px; line-height: 0px; margin: 0; padding: 0; clear: both;\"><\/div>","protected":false},"excerpt":{"rendered":"<p>Logo ap\u00f3s sair do Shopping Granja Vianna, por volta das 21h30 do dia 3 de mar\u00e7o, o contador Jos\u00e9 Paulo Luna foi abordado por tr\u00eas homens armados. Eles levaram seu carro, dois celulares, um aparelho de GPS e R$ 280 em dinheiro. Quase tr\u00eas meses ap\u00f3s o incidente Jos\u00e9 espera uma atitude da administra\u00e7\u00e3o do shopping, que n\u00e3o disponibilizou a grava\u00e7\u00e3o de v\u00eddeo do sistema de seguran\u00e7a solicitada por ele na noite do crime. A cena do roubo, de acordo com o contador nascido e criado em Cotia, foi &#8220;aterrorizante&#8221;. S\u00f3 n\u00e3o foi pior porque sua esposa e neto, de <\/p>\n","protected":false},"author":1,"featured_media":0,"comment_status":"open","ping_status":"closed","sticky":false,"template":"","format":"standard","meta":{"footnotes":""},"categories":[6],"tags":[14],"aioseo_notices":[],"_links":{"self":[{"href":"https:\/\/www.encontragranjaviana.com.br\/sobre\/wp-json\/wp\/v2\/posts\/363"}],"collection":[{"href":"https:\/\/www.encontragranjaviana.com.br\/sobre\/wp-json\/wp\/v2\/posts"}],"about":[{"href":"https:\/\/www.encontragranjaviana.com.br\/sobre\/wp-json\/wp\/v2\/types\/post"}],"author":[{"embeddable":true,"href":"https:\/\/www.encontragranjaviana.com.br\/sobre\/wp-json\/wp\/v2\/users\/1"}],"replies":[{"embeddable":true,"href":"https:\/\/www.encontragranjaviana.com.br\/sobre\/wp-json\/wp\/v2\/comments?post=363"}],"version-history":[{"count":0,"href":"https:\/\/www.encontragranjaviana.com.br\/sobre\/wp-json\/wp\/v2\/posts\/363\/revisions"}],"wp:attachment":[{"href":"https:\/\/www.encontragranjaviana.com.br\/sobre\/wp-json\/wp\/v2\/media?parent=363"}],"wp:term":[{"taxonomy":"category","embeddable":true,"href":"https:\/\/www.encontragranjaviana.com.br\/sobre\/wp-json\/wp\/v2\/categories?post=363"},{"taxonomy":"post_tag","embeddable":true,"href":"https:\/\/www.encontragranjaviana.com.br\/sobre\/wp-json\/wp\/v2\/tags?post=363"}],"curies":[{"name":"wp","href":"https:\/\/api.w.org\/{rel}","templated":true}]}}