{"id":321,"date":"2012-04-27T20:36:09","date_gmt":"2012-04-27T22:36:09","guid":{"rendered":"http:\/\/www.encontragranjaviana.com.br\/noticias\/?p=321"},"modified":"2019-04-29T16:24:00","modified_gmt":"2019-04-29T18:24:00","slug":"musical-na-granja-viana-homenageia-obra-deluiz-gonzaga","status":"publish","type":"post","link":"https:\/\/www.encontragranjaviana.com.br\/sobre\/musical-na-granja-viana-homenageia-obra-deluiz-gonzaga\/","title":{"rendered":"Musical na Granja Viana homenageia obra de Luiz Gonzaga"},"content":{"rendered":"<div class=\"15401c187b342417d42857c0d7dac0c7\" data-index=\"1\" style=\"float: left; margin: 15px 15px 15px 0;\">\n<!-- EBR \/Novo-Bairro\/ 300x250 - pub-85 -->\r\n<ins class=\"adsbygoogle\"\r\n     style=\"display:inline-block;width:300px;height:250px\"\r\n     data-ad-client=\"ca-pub-8585364105181520\"\r\n     data-ad-slot=\"4691134188\"><\/ins>\r\n<script>\r\n(adsbygoogle = window.adsbygoogle || []).push({});\r\n<\/script>\n<\/div>\n<p>O <a href=\"http:\/\/www.encontragranjaviana.com.br\/granja-viana\/centro-cultural-wurth-na-granja-vianna.shtml\" target=\"_blank\">Centro Cultural Wurth<\/a> apresenta nos dias 28 e 29 de abril o musical\u00a0&#8220;Luiz Lua, Cem Anos de Luz&#8221;, uma\u00a0homenagem que engloba toda a obra cantada do artista.<\/p>\n<p>Atrav\u00e9s de um repert\u00f3rio\u00a0animado e ritmado formado por 27 can\u00e7\u00f5es, o evento comandado pelo cantor cearense \u00cdtalo Queiroz apresenta toda a magia que comp\u00f5e o trabalho do Rei do Bai\u00e3o.<\/p>\n<p><strong>Luiz Lua, Cem Anos de Luz<\/strong><\/p>\n<p><strong>Centro Cultural Wurth<\/strong><\/p>\n<p><strong>Datas:<\/strong>\u00a0S\u00e1bado, 28\/04, \u00e0s 20h.\u00a0Domingo, 29\/04, \u00e0s 19h<\/p>\n<p><strong>Endere\u00e7o:<\/strong>\u00a0Rua Adolfo Wurf, 557\u00a0\u2013\u00a0Guia de Cotia\u00a0\u2013 S\u00e3o Paulo<\/p>\n<p><strong>Ingressos:<\/strong>\u00a0R$ 30. No balc\u00e3o de atendimento do Centro Cultural Wurth ou no site ingresso.com<\/p>\n<p><strong>Telefone:\u00a0<\/strong>(11) 4613-1894<\/p>\n\n<div style=\"font-size: 0px; height: 0px; line-height: 0px; margin: 0; padding: 0; clear: both;\"><\/div>","protected":false},"excerpt":{"rendered":"<p>O Centro Cultural Wurth apresenta nos dias 28 e 29 de abril o musical\u00a0&#8220;Luiz Lua, Cem Anos de Luz&#8221;, uma\u00a0homenagem que engloba toda a obra cantada do artista. Atrav\u00e9s de um repert\u00f3rio\u00a0animado e ritmado formado por 27 can\u00e7\u00f5es, o evento comandado pelo cantor cearense \u00cdtalo Queiroz apresenta toda a magia que comp\u00f5e o trabalho do Rei do Bai\u00e3o. Luiz Lua, Cem Anos de Luz Centro Cultural Wurth Datas:\u00a0S\u00e1bado, 28\/04, \u00e0s 20h.\u00a0Domingo, 29\/04, \u00e0s 19h Endere\u00e7o:\u00a0Rua Adolfo Wurf, 557\u00a0\u2013\u00a0Guia de Cotia\u00a0\u2013 S\u00e3o Paulo Ingressos:\u00a0R$ 30. No balc\u00e3o de atendimento do Centro Cultural Wurth ou no site ingresso.com Telefone:\u00a0(11) 4613-1894<\/p>\n","protected":false},"author":1,"featured_media":0,"comment_status":"open","ping_status":"closed","sticky":false,"template":"","format":"standard","meta":{"footnotes":""},"categories":[6],"tags":[14],"aioseo_notices":[],"_links":{"self":[{"href":"https:\/\/www.encontragranjaviana.com.br\/sobre\/wp-json\/wp\/v2\/posts\/321"}],"collection":[{"href":"https:\/\/www.encontragranjaviana.com.br\/sobre\/wp-json\/wp\/v2\/posts"}],"about":[{"href":"https:\/\/www.encontragranjaviana.com.br\/sobre\/wp-json\/wp\/v2\/types\/post"}],"author":[{"embeddable":true,"href":"https:\/\/www.encontragranjaviana.com.br\/sobre\/wp-json\/wp\/v2\/users\/1"}],"replies":[{"embeddable":true,"href":"https:\/\/www.encontragranjaviana.com.br\/sobre\/wp-json\/wp\/v2\/comments?post=321"}],"version-history":[{"count":0,"href":"https:\/\/www.encontragranjaviana.com.br\/sobre\/wp-json\/wp\/v2\/posts\/321\/revisions"}],"wp:attachment":[{"href":"https:\/\/www.encontragranjaviana.com.br\/sobre\/wp-json\/wp\/v2\/media?parent=321"}],"wp:term":[{"taxonomy":"category","embeddable":true,"href":"https:\/\/www.encontragranjaviana.com.br\/sobre\/wp-json\/wp\/v2\/categories?post=321"},{"taxonomy":"post_tag","embeddable":true,"href":"https:\/\/www.encontragranjaviana.com.br\/sobre\/wp-json\/wp\/v2\/tags?post=321"}],"curies":[{"name":"wp","href":"https:\/\/api.w.org\/{rel}","templated":true}]}}