{"id":286,"date":"2012-03-30T09:49:57","date_gmt":"2012-03-30T11:49:57","guid":{"rendered":"http:\/\/www.encontragranjaviana.com.br\/noticias\/?p=286"},"modified":"2019-04-29T16:24:01","modified_gmt":"2019-04-29T18:24:01","slug":"regional-granja-viana-tem-nova-administracao","status":"publish","type":"post","link":"https:\/\/www.encontragranjaviana.com.br\/sobre\/regional-granja-viana-tem-nova-administracao\/","title":{"rendered":"Regional Granja Viana tem nova administra\u00e7\u00e3o"},"content":{"rendered":"<div class=\"15401c187b342417d42857c0d7dac0c7\" data-index=\"1\" style=\"float: left; margin: 15px 15px 15px 0;\">\n<!-- EBR \/Novo-Bairro\/ 300x250 - pub-85 -->\r\n<ins class=\"adsbygoogle\"\r\n     style=\"display:inline-block;width:300px;height:250px\"\r\n     data-ad-client=\"ca-pub-8585364105181520\"\r\n     data-ad-slot=\"4691134188\"><\/ins>\r\n<script>\r\n(adsbygoogle = window.adsbygoogle || []).push({});\r\n<\/script>\n<\/div>\n<p>Com a sa\u00edda do Secret\u00e1rio adjunto de Obras, Luiz Gustavo Napolitano, no \u00faltimo dia 23 de fevereiro, o prefeito Carl\u00e3o Camargo j\u00e1 nomeou seu substituto. Cristiano Freitas foi o escolhido, e ter\u00e1 como miss\u00e3o coordenar ao lado do Secret\u00e1rio de Obras da cidade de Cotia, Benedito Sim\u00f5es, o grande pacote de obras previsto nos pr\u00f3ximos meses para o bairro Granja Viana.<\/p>\n<p><em>Fonte: Jornal Pitangueiras<\/em><\/p>\n\n<div style=\"font-size: 0px; height: 0px; line-height: 0px; margin: 0; padding: 0; clear: both;\"><\/div>","protected":false},"excerpt":{"rendered":"<p>Com a sa\u00edda do Secret\u00e1rio adjunto de Obras, Luiz Gustavo Napolitano, no \u00faltimo dia 23 de fevereiro, o prefeito Carl\u00e3o Camargo j\u00e1 nomeou seu substituto. Cristiano Freitas foi o escolhido, e ter\u00e1 como miss\u00e3o coordenar ao lado do Secret\u00e1rio de Obras da cidade de Cotia, Benedito Sim\u00f5es, o grande pacote de obras previsto nos pr\u00f3ximos meses para o bairro Granja Viana. Fonte: Jornal Pitangueiras<\/p>\n","protected":false},"author":1,"featured_media":0,"comment_status":"open","ping_status":"closed","sticky":false,"template":"","format":"standard","meta":{"footnotes":""},"categories":[6],"tags":[14],"aioseo_notices":[],"_links":{"self":[{"href":"https:\/\/www.encontragranjaviana.com.br\/sobre\/wp-json\/wp\/v2\/posts\/286"}],"collection":[{"href":"https:\/\/www.encontragranjaviana.com.br\/sobre\/wp-json\/wp\/v2\/posts"}],"about":[{"href":"https:\/\/www.encontragranjaviana.com.br\/sobre\/wp-json\/wp\/v2\/types\/post"}],"author":[{"embeddable":true,"href":"https:\/\/www.encontragranjaviana.com.br\/sobre\/wp-json\/wp\/v2\/users\/1"}],"replies":[{"embeddable":true,"href":"https:\/\/www.encontragranjaviana.com.br\/sobre\/wp-json\/wp\/v2\/comments?post=286"}],"version-history":[{"count":0,"href":"https:\/\/www.encontragranjaviana.com.br\/sobre\/wp-json\/wp\/v2\/posts\/286\/revisions"}],"wp:attachment":[{"href":"https:\/\/www.encontragranjaviana.com.br\/sobre\/wp-json\/wp\/v2\/media?parent=286"}],"wp:term":[{"taxonomy":"category","embeddable":true,"href":"https:\/\/www.encontragranjaviana.com.br\/sobre\/wp-json\/wp\/v2\/categories?post=286"},{"taxonomy":"post_tag","embeddable":true,"href":"https:\/\/www.encontragranjaviana.com.br\/sobre\/wp-json\/wp\/v2\/tags?post=286"}],"curies":[{"name":"wp","href":"https:\/\/api.w.org\/{rel}","templated":true}]}}