{"id":275,"date":"2012-03-05T20:56:25","date_gmt":"2012-03-05T22:56:25","guid":{"rendered":"http:\/\/www.encontragranjaviana.com.br\/noticias\/?p=275"},"modified":"2019-04-29T16:24:02","modified_gmt":"2019-04-29T18:24:02","slug":"morador-da-granja-viana-novo-delegado-toma-posse-em-cotia","status":"publish","type":"post","link":"https:\/\/www.encontragranjaviana.com.br\/sobre\/morador-da-granja-viana-novo-delegado-toma-posse-em-cotia\/","title":{"rendered":"Morador da Granja Viana, novo delegado toma posse em Cotia"},"content":{"rendered":"<div class=\"15401c187b342417d42857c0d7dac0c7\" data-index=\"1\" style=\"float: left; margin: 15px 15px 15px 0;\">\n<!-- EBR \/Novo-Bairro\/ 300x250 - pub-85 -->\r\n<ins class=\"adsbygoogle\"\r\n     style=\"display:inline-block;width:300px;height:250px\"\r\n     data-ad-client=\"ca-pub-8585364105181520\"\r\n     data-ad-slot=\"4691134188\"><\/ins>\r\n<script>\r\n(adsbygoogle = window.adsbygoogle || []).push({});\r\n<\/script>\n<\/div>\n<p>Antonio Jos\u00e9 Correia de Sampaio \u00e9 o novo delegado titular da delegacia central de Cotia. A posse aconteceu nesta manh\u00e3 sob o comando do delegado seccional Albano Fernandes.<\/p>\n<p>Sampaio \u00e9 policial civil h\u00e1 35 anos, dos quais 24 atuando como delegado. E essa n\u00e3o ser\u00e1 a sua estreia na delegacia de Cotia. Ele iniciou sua carreira exatamente aqui, em 1977 como escriv\u00e3o, quando morava com seu tio Elias Alves da Costa, ent\u00e3o vice-prefeito de Cotia. Depois voltou como delegado por um per\u00edodo curto e foi diretor da cadeia em 1989. Ele tamb\u00e9m \u00e9 morador da cidade, no\u00a0bairro da Granja Viana. Na sua conta, guarda com orgulho a redu\u00e7\u00e3o da criminalidade na cidade de Embu das Artes, onde foi delegado titular em 2003. Ele lembra que nessa \u00e9poca a cidade estava entre as mais violentas da regi\u00e3o.<\/p>\n<p>Sebasti\u00e3o Paiva a partir de segunda segue para seu novo posto em Barueri. \u201cNesses 10 meses que fiquei aqui em Cotia creio que assentei meu tijolinho. Se cada um de n\u00f3s tamb\u00e9m colocar o seu tijolinho, teremos um lugar melhor\u201d.<\/p>\n<p>\u201cVoltar para \u00a0o comando da delegacia de Cotia \u00e9 muito interessante, mas o fato de ser morador de Cotia aumenta ainda mais a minha responsabilidade\u201d, disse Antonio Sampaio antes de assinar o livro de posse.<\/p>\n<p>Al\u00e9m de Sebasti\u00e3o Paiva que passou o bast\u00e3o para o novo delegado, outros colegas tamb\u00e9m foram dar boas vindas ao colega, Daiana Cotait, da\u00a0delegacia\u00a0da Mulher, Norimar, de Caucaia, Alexandre Palermo\u00a0 da Granja Viana e tamb\u00e9m o ex delegado Gilberto Silva,\u00a0 al\u00e9m de representantes da comunidade e do Conselho de Seguran\u00e7a, que foi representado pela vice presidente Maria Goreti Camarano.<\/p>\n<p>No pr\u00f3ximo dia 8, a troca ser\u00e1 na delegacia da Granja Viana, Alexandre Palermo deixa o comando ap\u00f3s 13 anos e segue para Alphaville. Em seu lugar vir\u00e1 Fernando Cesar Costa\u00a0 Oliveira, atual delegado assistente na Seccional de Carapicu\u00edba.<\/p>\n<p><em>Fonte: Cotia Todo Dia<\/em><\/p>\n\n<div style=\"font-size: 0px; height: 0px; line-height: 0px; margin: 0; padding: 0; clear: both;\"><\/div>","protected":false},"excerpt":{"rendered":"<p>Antonio Jos\u00e9 Correia de Sampaio \u00e9 o novo delegado titular da delegacia central de Cotia. A posse aconteceu nesta manh\u00e3 sob o comando do delegado seccional Albano Fernandes. Sampaio \u00e9 policial civil h\u00e1 35 anos, dos quais 24 atuando como delegado. E essa n\u00e3o ser\u00e1 a sua estreia na delegacia de Cotia. Ele iniciou sua carreira exatamente aqui, em 1977 como escriv\u00e3o, quando morava com seu tio Elias Alves da Costa, ent\u00e3o vice-prefeito de Cotia. Depois voltou como delegado por um per\u00edodo curto e foi diretor da cadeia em 1989. Ele tamb\u00e9m \u00e9 morador da cidade, no\u00a0bairro da Granja Viana. <\/p>\n","protected":false},"author":1,"featured_media":0,"comment_status":"open","ping_status":"closed","sticky":false,"template":"","format":"standard","meta":{"footnotes":""},"categories":[6],"tags":[14],"aioseo_notices":[],"_links":{"self":[{"href":"https:\/\/www.encontragranjaviana.com.br\/sobre\/wp-json\/wp\/v2\/posts\/275"}],"collection":[{"href":"https:\/\/www.encontragranjaviana.com.br\/sobre\/wp-json\/wp\/v2\/posts"}],"about":[{"href":"https:\/\/www.encontragranjaviana.com.br\/sobre\/wp-json\/wp\/v2\/types\/post"}],"author":[{"embeddable":true,"href":"https:\/\/www.encontragranjaviana.com.br\/sobre\/wp-json\/wp\/v2\/users\/1"}],"replies":[{"embeddable":true,"href":"https:\/\/www.encontragranjaviana.com.br\/sobre\/wp-json\/wp\/v2\/comments?post=275"}],"version-history":[{"count":0,"href":"https:\/\/www.encontragranjaviana.com.br\/sobre\/wp-json\/wp\/v2\/posts\/275\/revisions"}],"wp:attachment":[{"href":"https:\/\/www.encontragranjaviana.com.br\/sobre\/wp-json\/wp\/v2\/media?parent=275"}],"wp:term":[{"taxonomy":"category","embeddable":true,"href":"https:\/\/www.encontragranjaviana.com.br\/sobre\/wp-json\/wp\/v2\/categories?post=275"},{"taxonomy":"post_tag","embeddable":true,"href":"https:\/\/www.encontragranjaviana.com.br\/sobre\/wp-json\/wp\/v2\/tags?post=275"}],"curies":[{"name":"wp","href":"https:\/\/api.w.org\/{rel}","templated":true}]}}