{"id":226,"date":"2011-10-31T20:52:14","date_gmt":"2011-10-31T22:52:14","guid":{"rendered":"http:\/\/www.encontragranjaviana.com.br\/noticias\/?p=226"},"modified":"2019-04-29T16:24:02","modified_gmt":"2019-04-29T18:24:02","slug":"granja-viana-recebe-palestra-sobre-codigo-florestal-e-meio-ambiente","status":"publish","type":"post","link":"https:\/\/www.encontragranjaviana.com.br\/sobre\/granja-viana-recebe-palestra-sobre-codigo-florestal-e-meio-ambiente\/","title":{"rendered":"Granja Viana recebe palestra sobre C\u00f3digo Florestal e meio ambiente"},"content":{"rendered":"<div class=\"15401c187b342417d42857c0d7dac0c7\" data-index=\"1\" style=\"float: left; margin: 15px 15px 15px 0;\">\n<!-- EBR \/Novo-Bairro\/ 300x250 - pub-85 -->\r\n<ins class=\"adsbygoogle\"\r\n     style=\"display:inline-block;width:300px;height:250px\"\r\n     data-ad-client=\"ca-pub-8585364105181520\"\r\n     data-ad-slot=\"4691134188\"><\/ins>\r\n<script>\r\n(adsbygoogle = window.adsbygoogle || []).push({});\r\n<\/script>\n<\/div>\n<p>O Movimento em Defesa da Granja Viana &#8211; MDGV, promove, no\u00a0 pr\u00f3ximo dia 21 palestra sobre a proposta de revis\u00e3o do C\u00f3digo Florestal e outras instrumenta\u00e7\u00f5es legais para prote\u00e7\u00e3o do Meio Ambiente da Granja Viana e regi\u00e3o Metropolitana Oeste de S\u00e3o Paulo em respaldo ao documento Pacto Oeste: \u00c1gua e Cultura elaborado pelo Coletivo de Entidades Grande Oeste Verde.<\/p>\n<p>A palestrante ser\u00e1 T\u00e2nia Monteiro da Silva de S\u00e1 Moreira, Bacharel pela Universidade de Direito de S\u00e3o Paulo- USP Especialista em Direito Ambiental pela Escola Superior da OAB,Mestranda pela Funda\u00e7\u00e3o Get\u00falio Vargas e Autora do livro : \u201cRecursos H\u00eddricos da Regi\u00e3o Metropolitana de S\u00e3o Paulo, a sua participa\u00e7\u00e3o na gest\u00e3o h\u00eddrica faz a diferen\u00e7a\u201d.<\/p>\n<p>O evento acontece no espa\u00e7o Vila da Mata, na avenida S\u00e3o Camilo, 288, guia da Granja Viana, \u00e0s 19 horas.<\/p>\n<p><em>Fonte: Cotia Todo Dia<\/em><\/p>\n\n<div style=\"font-size: 0px; height: 0px; line-height: 0px; margin: 0; padding: 0; clear: both;\"><\/div>","protected":false},"excerpt":{"rendered":"<p>O Movimento em Defesa da Granja Viana &#8211; MDGV, promove, no\u00a0 pr\u00f3ximo dia 21 palestra sobre a proposta de revis\u00e3o do C\u00f3digo Florestal e outras instrumenta\u00e7\u00f5es legais para prote\u00e7\u00e3o do Meio Ambiente da Granja Viana e regi\u00e3o Metropolitana Oeste de S\u00e3o Paulo em respaldo ao documento Pacto Oeste: \u00c1gua e Cultura elaborado pelo Coletivo de Entidades Grande Oeste Verde. A palestrante ser\u00e1 T\u00e2nia Monteiro da Silva de S\u00e1 Moreira, Bacharel pela Universidade de Direito de S\u00e3o Paulo- USP Especialista em Direito Ambiental pela Escola Superior da OAB,Mestranda pela Funda\u00e7\u00e3o Get\u00falio Vargas e Autora do livro : \u201cRecursos H\u00eddricos da Regi\u00e3o <\/p>\n","protected":false},"author":1,"featured_media":0,"comment_status":"open","ping_status":"closed","sticky":false,"template":"","format":"standard","meta":{"footnotes":""},"categories":[6],"tags":[14],"aioseo_notices":[],"_links":{"self":[{"href":"https:\/\/www.encontragranjaviana.com.br\/sobre\/wp-json\/wp\/v2\/posts\/226"}],"collection":[{"href":"https:\/\/www.encontragranjaviana.com.br\/sobre\/wp-json\/wp\/v2\/posts"}],"about":[{"href":"https:\/\/www.encontragranjaviana.com.br\/sobre\/wp-json\/wp\/v2\/types\/post"}],"author":[{"embeddable":true,"href":"https:\/\/www.encontragranjaviana.com.br\/sobre\/wp-json\/wp\/v2\/users\/1"}],"replies":[{"embeddable":true,"href":"https:\/\/www.encontragranjaviana.com.br\/sobre\/wp-json\/wp\/v2\/comments?post=226"}],"version-history":[{"count":0,"href":"https:\/\/www.encontragranjaviana.com.br\/sobre\/wp-json\/wp\/v2\/posts\/226\/revisions"}],"wp:attachment":[{"href":"https:\/\/www.encontragranjaviana.com.br\/sobre\/wp-json\/wp\/v2\/media?parent=226"}],"wp:term":[{"taxonomy":"category","embeddable":true,"href":"https:\/\/www.encontragranjaviana.com.br\/sobre\/wp-json\/wp\/v2\/categories?post=226"},{"taxonomy":"post_tag","embeddable":true,"href":"https:\/\/www.encontragranjaviana.com.br\/sobre\/wp-json\/wp\/v2\/tags?post=226"}],"curies":[{"name":"wp","href":"https:\/\/api.w.org\/{rel}","templated":true}]}}