{"id":208,"date":"2011-08-08T15:12:47","date_gmt":"2011-08-08T17:12:47","guid":{"rendered":"http:\/\/www.encontragranjaviana.com.br\/noticias\/?p=208"},"modified":"2019-04-29T16:24:03","modified_gmt":"2019-04-29T18:24:03","slug":"chefe-de-equipe-de-kart-passa-mal-e-morre-em-kartodromo-na-granja-viana","status":"publish","type":"post","link":"https:\/\/www.encontragranjaviana.com.br\/sobre\/chefe-de-equipe-de-kart-passa-mal-e-morre-em-kartodromo-na-granja-viana\/","title":{"rendered":"Chefe de equipe de kart passa mal e morre em kart\u00f3dromo na Granja Viana"},"content":{"rendered":"<div class=\"15401c187b342417d42857c0d7dac0c7\" data-index=\"1\" style=\"float: left; margin: 15px 15px 15px 0;\">\n<!-- EBR \/Novo-Bairro\/ 300x250 - pub-85 -->\r\n<ins class=\"adsbygoogle\"\r\n     style=\"display:inline-block;width:300px;height:250px\"\r\n     data-ad-client=\"ca-pub-8585364105181520\"\r\n     data-ad-slot=\"4691134188\"><\/ins>\r\n<script>\r\n(adsbygoogle = window.adsbygoogle || []).push({});\r\n<\/script>\n<\/div>\n<p>No \u00faltimo s\u00e1bado, 6, durante a disputa da s\u00e9tima etapa da Copa SP de Kart, no Kart\u00f3dromo\u00a0Granja Viana (cidade de Cotia), o preparador de chassis e chefe da equipe Cal Racing, passou mal nos boxes e desmaiou, enquanto acompanhava o desempenho dos pilotos.<\/p>\n<p>Logo ap\u00f3s a largada, Carlos Antonio \u2018Cal\u2019 Ferreira, teve um mal s\u00fabito e caiu. Rapidamente a equipe m\u00e9dica prestou atendimento e constatou se tratar de um enfarto. A corrida foi paralisada.<\/p>\n<p>Os m\u00e9dicos conseguiram animar Cal, que prontamente foi levado ao Hospital de\u00a0Cotia. No local, Cal teve outra parada card\u00edaca e morreu, aos 37 anos.<\/p>\n<p>No kart\u00f3dromo, o clima foi de desola\u00e7\u00e3o e todas as atividades foram canceladas. O enterro aconteceu neste domingo, no cemit\u00e9rio da Aclima\u00e7\u00e3o.<\/p>\n<p><em>Fonte: Cotia Todo Dia<\/em><\/p>\n\n<div style=\"font-size: 0px; height: 0px; line-height: 0px; margin: 0; padding: 0; clear: both;\"><\/div>","protected":false},"excerpt":{"rendered":"<p>No \u00faltimo s\u00e1bado, 6, durante a disputa da s\u00e9tima etapa da Copa SP de Kart, no Kart\u00f3dromo\u00a0Granja Viana (cidade de Cotia), o preparador de chassis e chefe da equipe Cal Racing, passou mal nos boxes e desmaiou, enquanto acompanhava o desempenho dos pilotos. Logo ap\u00f3s a largada, Carlos Antonio \u2018Cal\u2019 Ferreira, teve um mal s\u00fabito e caiu. Rapidamente a equipe m\u00e9dica prestou atendimento e constatou se tratar de um enfarto. A corrida foi paralisada. Os m\u00e9dicos conseguiram animar Cal, que prontamente foi levado ao Hospital de\u00a0Cotia. No local, Cal teve outra parada card\u00edaca e morreu, aos 37 anos. No kart\u00f3dromo, <\/p>\n","protected":false},"author":1,"featured_media":0,"comment_status":"open","ping_status":"closed","sticky":false,"template":"","format":"standard","meta":{"footnotes":""},"categories":[6],"tags":[14],"aioseo_notices":[],"_links":{"self":[{"href":"https:\/\/www.encontragranjaviana.com.br\/sobre\/wp-json\/wp\/v2\/posts\/208"}],"collection":[{"href":"https:\/\/www.encontragranjaviana.com.br\/sobre\/wp-json\/wp\/v2\/posts"}],"about":[{"href":"https:\/\/www.encontragranjaviana.com.br\/sobre\/wp-json\/wp\/v2\/types\/post"}],"author":[{"embeddable":true,"href":"https:\/\/www.encontragranjaviana.com.br\/sobre\/wp-json\/wp\/v2\/users\/1"}],"replies":[{"embeddable":true,"href":"https:\/\/www.encontragranjaviana.com.br\/sobre\/wp-json\/wp\/v2\/comments?post=208"}],"version-history":[{"count":0,"href":"https:\/\/www.encontragranjaviana.com.br\/sobre\/wp-json\/wp\/v2\/posts\/208\/revisions"}],"wp:attachment":[{"href":"https:\/\/www.encontragranjaviana.com.br\/sobre\/wp-json\/wp\/v2\/media?parent=208"}],"wp:term":[{"taxonomy":"category","embeddable":true,"href":"https:\/\/www.encontragranjaviana.com.br\/sobre\/wp-json\/wp\/v2\/categories?post=208"},{"taxonomy":"post_tag","embeddable":true,"href":"https:\/\/www.encontragranjaviana.com.br\/sobre\/wp-json\/wp\/v2\/tags?post=208"}],"curies":[{"name":"wp","href":"https:\/\/api.w.org\/{rel}","templated":true}]}}