{"id":196,"date":"2011-06-14T20:04:09","date_gmt":"2011-06-14T22:04:09","guid":{"rendered":"http:\/\/www.encontragranjaviana.com.br\/noticias\/?p=196"},"modified":"2019-04-29T16:24:03","modified_gmt":"2019-04-29T18:24:03","slug":"3%c2%aa-conferencia-municipal-do-idoso-acontece-na-proxima-sexta-feira-na-granja-viana","status":"publish","type":"post","link":"https:\/\/www.encontragranjaviana.com.br\/sobre\/3%c2%aa-conferencia-municipal-do-idoso-acontece-na-proxima-sexta-feira-na-granja-viana\/","title":{"rendered":"3\u00aa Confer\u00eancia Municipal do Idoso acontece na pr\u00f3xima sexta-feira na Granja Viana"},"content":{"rendered":"<div class=\"15401c187b342417d42857c0d7dac0c7\" data-index=\"1\" style=\"float: left; margin: 15px 15px 15px 0;\">\n<!-- EBR \/Novo-Bairro\/ 300x250 - pub-85 -->\r\n<ins class=\"adsbygoogle\"\r\n     style=\"display:inline-block;width:300px;height:250px\"\r\n     data-ad-client=\"ca-pub-8585364105181520\"\r\n     data-ad-slot=\"4691134188\"><\/ins>\r\n<script>\r\n(adsbygoogle = window.adsbygoogle || []).push({});\r\n<\/script>\n<\/div>\n<p>A garantia dos direitos dos idosos e as a\u00e7\u00f5es voltadas para eles estar\u00e3o em discuss\u00e3o no dia 17 de junho, durante a 3\u00aa Confer\u00eancia Municipal do Idoso, promovida pela Prefeitura de Cotia, por meio do Fundo Social, Secretaria de Assist\u00eancia e Desenvolvimento Social e do Conselho Municipal do Idoso.<\/p>\n<p>A 3\u00aa Confer\u00eancia este ano abordar\u00e1 o tema \u201cO compromisso de todos por um envelhecimento digno no Brasil\u201d, e ser\u00e1 realizada na sede da Assist\u00eancia Social Santo Antonio (ASSA), que fica na Rua Santo Antonio, 406, na Granja Viana.<\/p>\n<p>Todo o conte\u00fado que ir\u00e1 ser discutido na confer\u00eancia, faz parte de um trabalho colhido na pr\u00e9-confer\u00eancia que aconteceu em maio, e abordou quatro n\u00facleos tem\u00e1ticos: sa\u00fade, transporte, bem estar e jur\u00eddico.<\/p>\n<p>No encontro os idosos participaram dos trabalhos divididos em grupos, de acordo com cada tem\u00e1tica estabelecida pela pr\u00e9-confer\u00eancia. Para cada tema abordado, houve um coordenador da \u00e1rea que formulou um processo com o resultado das quest\u00f5es discutidas, das id\u00e9ias, sugest\u00f5es entre outros. Esse material ser\u00e1 apresentado na Confer\u00eancia.<\/p>\n<p>Vale ressaltar que, o munic\u00edpio de Cotia preza e trabalha por uma pol\u00edtica p\u00fablica municipal do idoso, e desenvolve diversas a\u00e7\u00f5es para isso se concretizar.<\/p>\n<p><strong>Servi\u00e7o<\/strong><strong><br \/>\n<\/strong>3\u00aa Confer\u00eancia Municipal do Idoso<br \/>\nDia: 17 de junho, das 9 \u00e0s 15 horas.<br \/>\nLocal: sede da Assist\u00eancia Social Santo Antonio (ASSA), que fica na Rua Santo Antonio, 406, Encontra Granja Viana.<br \/>\nInforma\u00e7\u00f5es: 4616.3632 ou 4616. 7932.<\/p>\n<p><em>Fonte: Cotia Todo Dia<\/em><\/p>\n\n<div style=\"font-size: 0px; height: 0px; line-height: 0px; margin: 0; padding: 0; clear: both;\"><\/div>","protected":false},"excerpt":{"rendered":"<p>A garantia dos direitos dos idosos e as a\u00e7\u00f5es voltadas para eles estar\u00e3o em discuss\u00e3o no dia 17 de junho, durante a 3\u00aa Confer\u00eancia Municipal do Idoso, promovida pela Prefeitura de Cotia, por meio do Fundo Social, Secretaria de Assist\u00eancia e Desenvolvimento Social e do Conselho Municipal do Idoso. A 3\u00aa Confer\u00eancia este ano abordar\u00e1 o tema \u201cO compromisso de todos por um envelhecimento digno no Brasil\u201d, e ser\u00e1 realizada na sede da Assist\u00eancia Social Santo Antonio (ASSA), que fica na Rua Santo Antonio, 406, na Granja Viana. Todo o conte\u00fado que ir\u00e1 ser discutido na confer\u00eancia, faz parte de <\/p>\n","protected":false},"author":1,"featured_media":0,"comment_status":"open","ping_status":"closed","sticky":false,"template":"","format":"standard","meta":{"footnotes":""},"categories":[6],"tags":[14],"aioseo_notices":[],"_links":{"self":[{"href":"https:\/\/www.encontragranjaviana.com.br\/sobre\/wp-json\/wp\/v2\/posts\/196"}],"collection":[{"href":"https:\/\/www.encontragranjaviana.com.br\/sobre\/wp-json\/wp\/v2\/posts"}],"about":[{"href":"https:\/\/www.encontragranjaviana.com.br\/sobre\/wp-json\/wp\/v2\/types\/post"}],"author":[{"embeddable":true,"href":"https:\/\/www.encontragranjaviana.com.br\/sobre\/wp-json\/wp\/v2\/users\/1"}],"replies":[{"embeddable":true,"href":"https:\/\/www.encontragranjaviana.com.br\/sobre\/wp-json\/wp\/v2\/comments?post=196"}],"version-history":[{"count":0,"href":"https:\/\/www.encontragranjaviana.com.br\/sobre\/wp-json\/wp\/v2\/posts\/196\/revisions"}],"wp:attachment":[{"href":"https:\/\/www.encontragranjaviana.com.br\/sobre\/wp-json\/wp\/v2\/media?parent=196"}],"wp:term":[{"taxonomy":"category","embeddable":true,"href":"https:\/\/www.encontragranjaviana.com.br\/sobre\/wp-json\/wp\/v2\/categories?post=196"},{"taxonomy":"post_tag","embeddable":true,"href":"https:\/\/www.encontragranjaviana.com.br\/sobre\/wp-json\/wp\/v2\/tags?post=196"}],"curies":[{"name":"wp","href":"https:\/\/api.w.org\/{rel}","templated":true}]}}