{"id":1882,"date":"2013-12-11T11:29:00","date_gmt":"2013-12-11T13:29:00","guid":{"rendered":"http:\/\/www.encontragranjaviana.com.br\/noticias\/?p=1882"},"modified":"2019-04-29T16:22:12","modified_gmt":"2019-04-29T18:22:12","slug":"bazar-abc-acontece-na-granja-viana-no-proximo-fim-de-semana","status":"publish","type":"post","link":"https:\/\/www.encontragranjaviana.com.br\/sobre\/bazar-abc-acontece-na-granja-viana-no-proximo-fim-de-semana\/","title":{"rendered":"Bazar ABC acontece na Granja Viana no pr\u00f3ximo fim de semana"},"content":{"rendered":"<div class=\"15401c187b342417d42857c0d7dac0c7\" data-index=\"1\" style=\"float: left; margin: 15px 15px 15px 0;\">\n<!-- EBR \/Novo-Bairro\/ 300x250 - pub-85 -->\r\n<ins class=\"adsbygoogle\"\r\n     style=\"display:inline-block;width:300px;height:250px\"\r\n     data-ad-client=\"ca-pub-8585364105181520\"\r\n     data-ad-slot=\"4691134188\"><\/ins>\r\n<script>\r\n(adsbygoogle = window.adsbygoogle || []).push({});\r\n<\/script>\n<\/div>\n<p>Nos pr\u00f3ximos dias 13, 14 e 15 de Dezembro, o evento que arrecada fundos para o Higea, instituto de capacita\u00e7\u00e3o na \u00e1rea de sa\u00fade e projetos de bem-estar e cultura.<\/p>\n<p>O resultado da parceria entre o Higea e A Party s\u00e3o projetos sociais, culturais e educacionais para a regi\u00e3o da Granja Viana, Carapicu\u00edba e Cotia e S\u00e3o Paulo.<\/p>\n<p>O clima festivo do Bazar conta com profissionais e marcas da \u00e1rea de bem-estar, arte, cultura, design e, \u00e9 claro, um monte de pequenas alegrias como, moda, beleza, utens\u00edlios, joalheria e bijoux.<\/p>\n<p><strong> Expositores escolhidos com carinho:<\/strong><br \/>\n1. Arte e Fotografia<br \/>\n2. Design<br \/>\n3. Decora\u00e7\u00e3o<br \/>\n4. Gastronomia<br \/>\n5. Massagem<br \/>\n6. Manicure<br \/>\n7. Maquiagem<br \/>\n8. Moda<br \/>\n9. Wellness<br \/>\n10. Joalheria &amp; Bijoux<br \/>\n11. Presentes<br \/>\n12. Brech\u00f3<br \/>\n13. Livraria<br \/>\n14. Artesanato sustent\u00e1vel<\/p>\n<p><strong>Instituto Higea<\/strong><\/p>\n<p>Cuidar da sa\u00fade e do bem-estar \u00e9 essencial. A sa\u00fade do corpo e da mente est\u00e1 diretamente ligada \u00e0 sensa\u00e7\u00e3o de bem-estar e \u00e0 qualidade de vida. \u00c9 poder fazer atividades que nos trazem alegria, prazer e um sorriso no rosto. O Instituto Higea \u00e9 uma entidade sem fins lucrativos cujo prop\u00f3sito \u00e9 promover a sa\u00fade, o bem-estar e a melhoria da qualidade de vida.<\/p>\n<p>Para n\u00f3s, prevenir \u00e9 saber. Conhecer o corpo e a mente, estar bem informado e compartilhar informa\u00e7\u00f5es \u00e9 o caminho para que as pessoas possam prevenir dificuldades. Por isso, o Instituto Higea atua, preparando profissionais da \u00e1rea de sa\u00fade e levando conhecimento para a popula\u00e7\u00e3o. Para tanto, investe seus esfor\u00e7os em diversas atividades como publica\u00e7\u00e3o de livros, participa\u00e7\u00e3o em pesquisas acad\u00eamicas, bate-papos, palestras, cursos, campanhas e outros eventos. Fa\u00e7a parte deste trabalho. Colabore conosco e patrocine nossos eventos. \u00c9 a sua oportunidade de fazer a diferen\u00e7a e contribuir para melhorar a vida das pessoas.<\/p>\n<p>Conhe\u00e7a mais sobre os projetos do Instituto Higea, acessando higea.org.br ou pelo e-mail marketing@higea.org.br.<\/p>\n<p><strong>Confira a Programa\u00e7\u00e3o:<\/strong><\/p>\n<p><strong>13\/12<\/strong><\/p>\n<p>\u2022 17h00 Caf\u00e9 com p\u00e3o &#8211; fazendo P\u00e3o com fermento natural, com Giovanna S\u00e1lvia.<\/p>\n<p>\u2022 19h00 V\u00eddeo sobre cuidados com a sa\u00fade e alimenta\u00e7\u00e3o no fim de ano.<\/p>\n<p>\u2022 20h00 Receitas Saud\u00e1veis por Thais Roji.<\/p>\n<p>\u2022 21h00: Apresenta\u00e7\u00e3o dos projetos do Higea e A Party.<\/p>\n<p><strong>14\/12<\/strong><\/p>\n<p>\u2022 16h30 Pr\u00e1tica de Chi Kung com Adi Leite.<\/p>\n<p>\u2022 18h30 Happy Hour &#8211; Show Bluemerangs -no Jardim<\/p>\n<p><strong>15\/12<\/strong><\/p>\n<p>11h00 Apresenta\u00e7\u00f5es dos alunos do projeto MusicaMusica<br \/>\n16h30: &#8220;Bem-vindo \u00e0 Holanda: O mundo n\u00e3o acaba quando algo inesperado acontece&#8221; &#8211; Flavio Soares &#8211; Autor de A vida com Logan.<br \/>\n18h:00: Bate Papo: Quadrinhos e a Guerra &#8211; Jotap\u00ea Martins<br \/>\n19h00: Bate Papo &amp;degusta\u00e7\u00e3o: &#8220;O Ritual do Vinho&#8221; by Fernanda Vianna Enogastronomia<\/p>\n<p><strong> Servi\u00e7o<\/strong><br \/>\nO que: Bazar ABC da Granja<br \/>\nEndere\u00e7o: Estrada da Fazendinha, 2939<br \/>\nInforma\u00e7\u00f5es: 11 4169 1023<br \/>\nHor\u00e1rios: 13\/12: 15:00 \u00e0s 22:00 &#8211; 14\/12: 10:00 \u00e0s 22:00 &#8211; 15\/12: 10:00 \u00e0s 20:00<\/p>\n\n<div style=\"font-size: 0px; height: 0px; line-height: 0px; margin: 0; padding: 0; clear: both;\"><\/div>","protected":false},"excerpt":{"rendered":"<p>Nos pr\u00f3ximos dias 13, 14 e 15 de Dezembro, o evento que arrecada fundos para o Higea, instituto de capacita\u00e7\u00e3o na \u00e1rea de sa\u00fade e projetos de bem-estar e cultura. O resultado da parceria entre o Higea e A Party s\u00e3o projetos sociais, culturais e educacionais para a regi\u00e3o da Granja Viana, Carapicu\u00edba e Cotia e S\u00e3o Paulo. O clima festivo do Bazar conta com profissionais e marcas da \u00e1rea de bem-estar, arte, cultura, design e, \u00e9 claro, um monte de pequenas alegrias como, moda, beleza, utens\u00edlios, joalheria e bijoux. Expositores escolhidos com carinho: 1. Arte e Fotografia 2. Design <\/p>\n","protected":false},"author":1,"featured_media":0,"comment_status":"open","ping_status":"closed","sticky":false,"template":"","format":"standard","meta":{"footnotes":""},"categories":[6],"tags":[],"aioseo_notices":[],"_links":{"self":[{"href":"https:\/\/www.encontragranjaviana.com.br\/sobre\/wp-json\/wp\/v2\/posts\/1882"}],"collection":[{"href":"https:\/\/www.encontragranjaviana.com.br\/sobre\/wp-json\/wp\/v2\/posts"}],"about":[{"href":"https:\/\/www.encontragranjaviana.com.br\/sobre\/wp-json\/wp\/v2\/types\/post"}],"author":[{"embeddable":true,"href":"https:\/\/www.encontragranjaviana.com.br\/sobre\/wp-json\/wp\/v2\/users\/1"}],"replies":[{"embeddable":true,"href":"https:\/\/www.encontragranjaviana.com.br\/sobre\/wp-json\/wp\/v2\/comments?post=1882"}],"version-history":[{"count":0,"href":"https:\/\/www.encontragranjaviana.com.br\/sobre\/wp-json\/wp\/v2\/posts\/1882\/revisions"}],"wp:attachment":[{"href":"https:\/\/www.encontragranjaviana.com.br\/sobre\/wp-json\/wp\/v2\/media?parent=1882"}],"wp:term":[{"taxonomy":"category","embeddable":true,"href":"https:\/\/www.encontragranjaviana.com.br\/sobre\/wp-json\/wp\/v2\/categories?post=1882"},{"taxonomy":"post_tag","embeddable":true,"href":"https:\/\/www.encontragranjaviana.com.br\/sobre\/wp-json\/wp\/v2\/tags?post=1882"}],"curies":[{"name":"wp","href":"https:\/\/api.w.org\/{rel}","templated":true}]}}