{"id":1851,"date":"2013-10-09T13:00:22","date_gmt":"2013-10-09T15:00:22","guid":{"rendered":"http:\/\/www.encontragranjaviana.com.br\/noticias\/?p=1851"},"modified":"2019-04-29T16:22:12","modified_gmt":"2019-04-29T18:22:12","slug":"ecofeira-granja-viana-acontecera-no-dia-13-de-outubro","status":"publish","type":"post","link":"https:\/\/www.encontragranjaviana.com.br\/sobre\/ecofeira-granja-viana-acontecera-no-dia-13-de-outubro\/","title":{"rendered":"Ecofeira Granja Viana acontecer\u00e1 no dia 13 de outubro"},"content":{"rendered":"<div class=\"15401c187b342417d42857c0d7dac0c7\" data-index=\"1\" style=\"float: left; margin: 15px 15px 15px 0;\">\n<!-- EBR \/Novo-Bairro\/ 300x250 - pub-85 -->\r\n<ins class=\"adsbygoogle\"\r\n     style=\"display:inline-block;width:300px;height:250px\"\r\n     data-ad-client=\"ca-pub-8585364105181520\"\r\n     data-ad-slot=\"4691134188\"><\/ins>\r\n<script>\r\n(adsbygoogle = window.adsbygoogle || []).push({});\r\n<\/script>\n<\/div>\n<p>As Ecofeiras foram criadas h\u00e1 tr\u00eas anos com o objetivo de aproximar o produtor rural org\u00e2nico de Cotia e regi\u00e3o do mercado consumidor. S\u00e3o verduras, legumes, cogumelos e alguns produtos hort\u00edcolas de origem japonesa, como tamb\u00e9m flores de vasos e ervas medicinais.<\/p>\n<p>Ao longo de sua trajet\u00f3ria, o evento agregou produtores de alimentos processados \u2013 p\u00e3es, produtos com soja, geleias, conservas, chutneys \u2013 e tamb\u00e9m artes\u00e3os sustent\u00e1veis, que criam pe\u00e7as a partir do reaproveitamento de materiais ou de mat\u00e9rias-primas renov\u00e1veis.<\/p>\n<p>No evento tamb\u00e9m acontece a AUESCAMBAU &#8211; Feira de trocas promovida pelo Movimento Transition Town: basta trazer livros, CDs, brinquedos, pe\u00e7as de roupas ou algum utilit\u00e1rio em bom estado de conserva\u00e7\u00e3o.<\/p>\n<p>No m\u00eas de outubro a feira acontecer\u00e1 no dia 13, com atividades em comemora\u00e7\u00e3o ao dia das crian\u00e7as. A Ecofeira ser\u00e1 na Escola Granja Vianna, e a programa\u00e7\u00e3o inclui oficina de alimenta\u00e7\u00e3o viva com o Chef Niels Kloumberg.<\/p>\n<p>A Ecofeira \u00e9 realizada pela Prefeitura de Cotia, por meio da Secretaria de Rela\u00e7\u00f5es Governamentais, em parceria com a Faculdade M\u00e1rio Schenberg, Site da Granja e Movimento Transition Town.<\/p>\n<p>A feira conta com o apoio da LocTudo, Ciagraph, SELVA- Sociedade Ecol\u00f3gica Verde Amarelo, Igreja Santo Ant\u00f4nio e Escola Granja Vianna.<\/p>\n<p>Mais informa\u00e7\u00f5es podem ser obtidas atrav\u00e9s do telefone 4616-2952.<\/p>\n\n<div style=\"font-size: 0px; height: 0px; line-height: 0px; margin: 0; padding: 0; clear: both;\"><\/div>","protected":false},"excerpt":{"rendered":"<p>As Ecofeiras foram criadas h\u00e1 tr\u00eas anos com o objetivo de aproximar o produtor rural org\u00e2nico de Cotia e regi\u00e3o do mercado consumidor. S\u00e3o verduras, legumes, cogumelos e alguns produtos hort\u00edcolas de origem japonesa, como tamb\u00e9m flores de vasos e ervas medicinais. Ao longo de sua trajet\u00f3ria, o evento agregou produtores de alimentos processados \u2013 p\u00e3es, produtos com soja, geleias, conservas, chutneys \u2013 e tamb\u00e9m artes\u00e3os sustent\u00e1veis, que criam pe\u00e7as a partir do reaproveitamento de materiais ou de mat\u00e9rias-primas renov\u00e1veis. No evento tamb\u00e9m acontece a AUESCAMBAU &#8211; Feira de trocas promovida pelo Movimento Transition Town: basta trazer livros, CDs, brinquedos, <\/p>\n","protected":false},"author":1,"featured_media":0,"comment_status":"open","ping_status":"closed","sticky":false,"template":"","format":"standard","meta":{"footnotes":""},"categories":[6],"tags":[],"aioseo_notices":[],"_links":{"self":[{"href":"https:\/\/www.encontragranjaviana.com.br\/sobre\/wp-json\/wp\/v2\/posts\/1851"}],"collection":[{"href":"https:\/\/www.encontragranjaviana.com.br\/sobre\/wp-json\/wp\/v2\/posts"}],"about":[{"href":"https:\/\/www.encontragranjaviana.com.br\/sobre\/wp-json\/wp\/v2\/types\/post"}],"author":[{"embeddable":true,"href":"https:\/\/www.encontragranjaviana.com.br\/sobre\/wp-json\/wp\/v2\/users\/1"}],"replies":[{"embeddable":true,"href":"https:\/\/www.encontragranjaviana.com.br\/sobre\/wp-json\/wp\/v2\/comments?post=1851"}],"version-history":[{"count":0,"href":"https:\/\/www.encontragranjaviana.com.br\/sobre\/wp-json\/wp\/v2\/posts\/1851\/revisions"}],"wp:attachment":[{"href":"https:\/\/www.encontragranjaviana.com.br\/sobre\/wp-json\/wp\/v2\/media?parent=1851"}],"wp:term":[{"taxonomy":"category","embeddable":true,"href":"https:\/\/www.encontragranjaviana.com.br\/sobre\/wp-json\/wp\/v2\/categories?post=1851"},{"taxonomy":"post_tag","embeddable":true,"href":"https:\/\/www.encontragranjaviana.com.br\/sobre\/wp-json\/wp\/v2\/tags?post=1851"}],"curies":[{"name":"wp","href":"https:\/\/api.w.org\/{rel}","templated":true}]}}