{"id":1831,"date":"2013-09-03T10:46:14","date_gmt":"2013-09-03T12:46:14","guid":{"rendered":"http:\/\/www.encontragranjaviana.com.br\/noticias\/?p=1831"},"modified":"2019-04-29T16:22:13","modified_gmt":"2019-04-29T18:22:13","slug":"granja-viana-cia-de-danca-vanessa-ballet-se-apresenta-no-centro-cultural-wurth","status":"publish","type":"post","link":"https:\/\/www.encontragranjaviana.com.br\/sobre\/granja-viana-cia-de-danca-vanessa-ballet-se-apresenta-no-centro-cultural-wurth\/","title":{"rendered":"Granja Viana: Cia de dan\u00e7a Vanessa Ballet se apresenta no Centro Cultural Wurth"},"content":{"rendered":"<div class=\"15401c187b342417d42857c0d7dac0c7\" data-index=\"1\" style=\"float: left; margin: 15px 15px 15px 0;\">\n<!-- EBR \/Novo-Bairro\/ 300x250 - pub-85 -->\r\n<ins class=\"adsbygoogle\"\r\n     style=\"display:inline-block;width:300px;height:250px\"\r\n     data-ad-client=\"ca-pub-8585364105181520\"\r\n     data-ad-slot=\"4691134188\"><\/ins>\r\n<script>\r\n(adsbygoogle = window.adsbygoogle || []).push({});\r\n<\/script>\n<\/div>\n<p>No dia 14 de setembro, pela primeira vez no palco do Centro Cultural Wurth (CCW), um grande espet\u00e1culo do Centro Cultural Vanessa Ballet, da su\u00ed\u00e7a paulista Campos do Jord\u00e3o.<\/p>\n<p>Quarenta dan\u00e7arinos apresentar\u00e3o o tema &#8220;Diversiment&#8221;, em que a companhia traz tr\u00eas diferentes atos.<\/p>\n<p>O primeiro ser\u00e1 Su\u00edte de Don Quixote; o segundo ato, La Grand Valse e Trilogia Neocl\u00e1ssica; j\u00e1 o \u00faltimo ato ser\u00e1 Rumores. Isso trar\u00e1 mais dinamismo \u00e0 apresenta\u00e7\u00e3o do projeto Ballet Jovens de Campos do Jord\u00e3o.<\/p>\n<p>Vale a pena apreciar este espet\u00e1culo.<\/p>\n<p><strong>Servi\u00e7o:<\/strong><\/p>\n<p align=\"justify\"><strong>Data:<\/strong> 14 de setembro<br \/>\n<strong>Hor\u00e1rio:<\/strong> 20h<br \/>\n<strong>Local: <\/strong>Centro Cultural Wurth<strong><\/strong><br \/>\n<strong>Endere\u00e7o: <\/strong>Rua Adolf Wurth, 557<br \/>\n<strong>Valor: <\/strong>R$30 (inteira) e R$15 (meia entrada)<br \/>\n<strong>Classifica\u00e7\u00e3o: <\/strong>livre<br \/>\n<strong>Informa\u00e7\u00f5es:<\/strong> centroculturalwurth.com.br<\/p>\n\n<div style=\"font-size: 0px; height: 0px; line-height: 0px; margin: 0; padding: 0; clear: both;\"><\/div>","protected":false},"excerpt":{"rendered":"<p>No dia 14 de setembro, pela primeira vez no palco do Centro Cultural Wurth (CCW), um grande espet\u00e1culo do Centro Cultural Vanessa Ballet, da su\u00ed\u00e7a paulista Campos do Jord\u00e3o. Quarenta dan\u00e7arinos apresentar\u00e3o o tema &#8220;Diversiment&#8221;, em que a companhia traz tr\u00eas diferentes atos. O primeiro ser\u00e1 Su\u00edte de Don Quixote; o segundo ato, La Grand Valse e Trilogia Neocl\u00e1ssica; j\u00e1 o \u00faltimo ato ser\u00e1 Rumores. Isso trar\u00e1 mais dinamismo \u00e0 apresenta\u00e7\u00e3o do projeto Ballet Jovens de Campos do Jord\u00e3o. Vale a pena apreciar este espet\u00e1culo. Servi\u00e7o: Data: 14 de setembro Hor\u00e1rio: 20h Local: Centro Cultural Wurth Endere\u00e7o: Rua Adolf Wurth, <\/p>\n","protected":false},"author":1,"featured_media":0,"comment_status":"open","ping_status":"closed","sticky":false,"template":"","format":"standard","meta":{"footnotes":""},"categories":[6],"tags":[],"aioseo_notices":[],"_links":{"self":[{"href":"https:\/\/www.encontragranjaviana.com.br\/sobre\/wp-json\/wp\/v2\/posts\/1831"}],"collection":[{"href":"https:\/\/www.encontragranjaviana.com.br\/sobre\/wp-json\/wp\/v2\/posts"}],"about":[{"href":"https:\/\/www.encontragranjaviana.com.br\/sobre\/wp-json\/wp\/v2\/types\/post"}],"author":[{"embeddable":true,"href":"https:\/\/www.encontragranjaviana.com.br\/sobre\/wp-json\/wp\/v2\/users\/1"}],"replies":[{"embeddable":true,"href":"https:\/\/www.encontragranjaviana.com.br\/sobre\/wp-json\/wp\/v2\/comments?post=1831"}],"version-history":[{"count":0,"href":"https:\/\/www.encontragranjaviana.com.br\/sobre\/wp-json\/wp\/v2\/posts\/1831\/revisions"}],"wp:attachment":[{"href":"https:\/\/www.encontragranjaviana.com.br\/sobre\/wp-json\/wp\/v2\/media?parent=1831"}],"wp:term":[{"taxonomy":"category","embeddable":true,"href":"https:\/\/www.encontragranjaviana.com.br\/sobre\/wp-json\/wp\/v2\/categories?post=1831"},{"taxonomy":"post_tag","embeddable":true,"href":"https:\/\/www.encontragranjaviana.com.br\/sobre\/wp-json\/wp\/v2\/tags?post=1831"}],"curies":[{"name":"wp","href":"https:\/\/api.w.org\/{rel}","templated":true}]}}