{"id":151,"date":"2011-03-25T14:53:10","date_gmt":"2011-03-25T16:53:10","guid":{"rendered":"http:\/\/www.encontragranjaviana.com.br\/noticias\/?p=151"},"modified":"2019-04-29T16:24:20","modified_gmt":"2019-04-29T18:24:20","slug":"granja-viana-participa-da-hora-do-planeta-neste-sabado","status":"publish","type":"post","link":"https:\/\/www.encontragranjaviana.com.br\/sobre\/granja-viana-participa-da-hora-do-planeta-neste-sabado\/","title":{"rendered":"Granja Viana participa da &#8220;Hora do Planeta&#8221; neste s\u00e1bado"},"content":{"rendered":"<div class=\"15401c187b342417d42857c0d7dac0c7\" data-index=\"1\" style=\"float: left; margin: 15px 15px 15px 0;\">\n<!-- EBR \/Novo-Bairro\/ 300x250 - pub-85 -->\r\n<ins class=\"adsbygoogle\"\r\n     style=\"display:inline-block;width:300px;height:250px\"\r\n     data-ad-client=\"ca-pub-8585364105181520\"\r\n     data-ad-slot=\"4691134188\"><\/ins>\r\n<script>\r\n(adsbygoogle = window.adsbygoogle || []).push({});\r\n<\/script>\n<\/div>\n<p>Em 2011, com a sua participa\u00e7\u00e3o, vamos fazer na Granja uma Hora do Planeta fant\u00e1stica!<\/p>\n<p>No s\u00e1bado (26), entre 20h30 e 21h30 (hora de Bras\u00edlia), o Brasil participa oficialmente da Hora do Planeta. Das moradias mais simples aos maiores monumentos, as luzes ser\u00e3o apagadas por uma hora, para celebrar, mais uma vez, o compromisso mundial de mudar para melhor nosso Planeta.<\/p>\n<p>A proposta da Campanha Hora do Planeta na Granja Viana \u00e9 convidar a todos os granjeiros a apagar as luzes de suas casas por uma hora. E ir jantar em um dos restaurantes da campanha, que estar\u00e1 todo iluminado \u00e0 luz de velas (com exce\u00e7\u00e3o da cozinha).<\/p>\n<p>A sugest\u00e3o de doa\u00e7\u00e3o para os restaurantes participantes \u00e9 de R$ 5,00 por pessoa que jantar em seu estabelecimento na &#8220;Hora do Planeta&#8221;, e esta verba ser\u00e1 destinada a cria\u00e7\u00e3o de um playground para o Parque Teresa Maia que ser\u00e1 patrocinado pelo apoio conjunto da comunidade, restaurantes, m\u00eddias, Transition Granja Viana, Subprefeitura, Site da Granja, Ciagraph e Lao Engenharia.<\/p>\n<p>O pr\u00f3ximo passo \u00e9 espalhar a mensagem da &#8220;Hora do Planeta na Granja Viana&#8221; para o maior n\u00famero poss\u00edvel de pessoas, convidando familiares, amigos, colegas e membros da comunidade para participarem tamb\u00e9m.<\/p>\n<p>Em 2010 a Hora do Planeta na Granja Viana teve a ades\u00e3o de 17 restaurantes, mais de 500 Granjeiros participantes e arrecadou R$ 3.700,00, que foram destinados \u00e0 revitaliza\u00e7\u00e3o da Pra\u00e7a Santa Ad\u00e9lia.<br \/>\n<em><br \/>\nFonte: Cotia Todo Dia<\/em><\/p>\n\n<div style=\"font-size: 0px; height: 0px; line-height: 0px; margin: 0; padding: 0; clear: both;\"><\/div>","protected":false},"excerpt":{"rendered":"<p>Em 2011, com a sua participa\u00e7\u00e3o, vamos fazer na Granja uma Hora do Planeta fant\u00e1stica! No s\u00e1bado (26), entre 20h30 e 21h30 (hora de Bras\u00edlia), o Brasil participa oficialmente da Hora do Planeta. Das moradias mais simples aos maiores monumentos, as luzes ser\u00e3o apagadas por uma hora, para celebrar, mais uma vez, o compromisso mundial de mudar para melhor nosso Planeta. A proposta da Campanha Hora do Planeta na Granja Viana \u00e9 convidar a todos os granjeiros a apagar as luzes de suas casas por uma hora. E ir jantar em um dos restaurantes da campanha, que estar\u00e1 todo iluminado <\/p>\n","protected":false},"author":1,"featured_media":0,"comment_status":"open","ping_status":"closed","sticky":false,"template":"","format":"standard","meta":{"footnotes":""},"categories":[6],"tags":[],"aioseo_notices":[],"_links":{"self":[{"href":"https:\/\/www.encontragranjaviana.com.br\/sobre\/wp-json\/wp\/v2\/posts\/151"}],"collection":[{"href":"https:\/\/www.encontragranjaviana.com.br\/sobre\/wp-json\/wp\/v2\/posts"}],"about":[{"href":"https:\/\/www.encontragranjaviana.com.br\/sobre\/wp-json\/wp\/v2\/types\/post"}],"author":[{"embeddable":true,"href":"https:\/\/www.encontragranjaviana.com.br\/sobre\/wp-json\/wp\/v2\/users\/1"}],"replies":[{"embeddable":true,"href":"https:\/\/www.encontragranjaviana.com.br\/sobre\/wp-json\/wp\/v2\/comments?post=151"}],"version-history":[{"count":0,"href":"https:\/\/www.encontragranjaviana.com.br\/sobre\/wp-json\/wp\/v2\/posts\/151\/revisions"}],"wp:attachment":[{"href":"https:\/\/www.encontragranjaviana.com.br\/sobre\/wp-json\/wp\/v2\/media?parent=151"}],"wp:term":[{"taxonomy":"category","embeddable":true,"href":"https:\/\/www.encontragranjaviana.com.br\/sobre\/wp-json\/wp\/v2\/categories?post=151"},{"taxonomy":"post_tag","embeddable":true,"href":"https:\/\/www.encontragranjaviana.com.br\/sobre\/wp-json\/wp\/v2\/tags?post=151"}],"curies":[{"name":"wp","href":"https:\/\/api.w.org\/{rel}","templated":true}]}}