{"id":141,"date":"2011-03-21T07:35:02","date_gmt":"2011-03-21T09:35:02","guid":{"rendered":"http:\/\/www.encontragranjaviana.com.br\/noticias\/?p=141"},"modified":"2019-04-29T16:24:20","modified_gmt":"2019-04-29T18:24:20","slug":"granja-viana-presa-dupla-suspeita-de-matar-pm-em-assalto-no-jardim-ipe","status":"publish","type":"post","link":"https:\/\/www.encontragranjaviana.com.br\/sobre\/granja-viana-presa-dupla-suspeita-de-matar-pm-em-assalto-no-jardim-ipe\/","title":{"rendered":"Granja Viana: Presa dupla suspeita de matar PM em assalto no Jardim Ip\u00ea"},"content":{"rendered":"<div class=\"15401c187b342417d42857c0d7dac0c7\" data-index=\"1\" style=\"float: left; margin: 15px 15px 15px 0;\">\n<!-- EBR \/Novo-Bairro\/ 300x250 - pub-85 -->\r\n<ins class=\"adsbygoogle\"\r\n     style=\"display:inline-block;width:300px;height:250px\"\r\n     data-ad-client=\"ca-pub-8585364105181520\"\r\n     data-ad-slot=\"4691134188\"><\/ins>\r\n<script>\r\n(adsbygoogle = window.adsbygoogle || []).push({});\r\n<\/script>\n<\/div>\n<p>Dois homens foram presos, suspeitos de matar o policial militar S\u00e9rgio Ricardo Sundim, 34, que tentou defender um empres\u00e1rio de 61 anos de um assalto ocorrido \u00e0s 5h45 de ter\u00e7a-feira (15), na Rua Sussumo Yoshimoto, no Jardim Ip\u00ea, em Cotia. O motorista T.S.R., de 26 anos, e W.A.F., de 27, abordaram o empres\u00e1rio no momento em que ele sa\u00eda de sua resid\u00eancia. O PM, vizinho da v\u00edtima, trocou tiros com os suspeitos e acabou sendo atingido.<\/p>\n<p>Um vigilante de 27 anos estava na rua na hora da abordagem. A testemunha contou que estava escuro ainda quando viu o empres\u00e1rio sair de casa em seu carro e Sundim o esperava na rua. O vigilante acabou sendo abordado por um homem de capuz que estava armado, enquanto outro, tamb\u00e9m armado, abordou o empres\u00e1rio.<\/p>\n<p>O policial saiu do carro onde estava e come\u00e7ou a trocar tiros com o homem que abordava o empres\u00e1rio, que conseguiu fugir com o carro. O rapaz que rendia o vigilante o deixou para tamb\u00e9m trocar tiros com o PM. A testemunha fugiu correndo nesse momento. Quando os disparos pararam, o vigilante voltou ao local e chegou a ver a dupla fugir em um Gol branco.<\/p>\n<p>A Pol\u00edcia Militar foi chamada para atender a ocorr\u00eancia. No local, os policiais verificaram que Sundim j\u00e1 estava morto e sua arma, uma pistola calibre .40 havia sido roubada &#8211; o local foi periciado.<\/p>\n<p>Pris\u00e3o no hospital<\/p>\n<p>Enquanto o caso era registrado na delegacia da Granja Viana, chegou a informa\u00e7\u00e3o de que os suspeitos estariam internados em hospitais da regi\u00e3o. Os dois homens estavam em hospitais diferentes, mas ambos se conheciam e foram feridos com tiros.<\/p>\n<p>Em dilig\u00eancias, um policial militar que atendeu a ocorr\u00eancia localizou a casa de T., onde encontrou roupas furadas por tiros e bananas de dinamite, que o rapaz assumiu lhe pertencerem. Ele j\u00e1 estava medicado e foi conduzido ao DP &#8211; o outro rapaz permaneceu internado. Os dois foram indiciados e permanecem \u00e0 disposi\u00e7\u00e3o da Justi\u00e7a.<\/p>\n<p><em>Fonte: Cotia Todo Dia<\/em><\/p>\n\n<div style=\"font-size: 0px; height: 0px; line-height: 0px; margin: 0; padding: 0; clear: both;\"><\/div>","protected":false},"excerpt":{"rendered":"<p>Dois homens foram presos, suspeitos de matar o policial militar S\u00e9rgio Ricardo Sundim, 34, que tentou defender um empres\u00e1rio de 61 anos de um assalto ocorrido \u00e0s 5h45 de ter\u00e7a-feira (15), na Rua Sussumo Yoshimoto, no Jardim Ip\u00ea, em Cotia. O motorista T.S.R., de 26 anos, e W.A.F., de 27, abordaram o empres\u00e1rio no momento em que ele sa\u00eda de sua resid\u00eancia. O PM, vizinho da v\u00edtima, trocou tiros com os suspeitos e acabou sendo atingido. Um vigilante de 27 anos estava na rua na hora da abordagem. A testemunha contou que estava escuro ainda quando viu o empres\u00e1rio sair <\/p>\n","protected":false},"author":1,"featured_media":0,"comment_status":"open","ping_status":"closed","sticky":false,"template":"","format":"standard","meta":{"footnotes":""},"categories":[6],"tags":[],"aioseo_notices":[],"_links":{"self":[{"href":"https:\/\/www.encontragranjaviana.com.br\/sobre\/wp-json\/wp\/v2\/posts\/141"}],"collection":[{"href":"https:\/\/www.encontragranjaviana.com.br\/sobre\/wp-json\/wp\/v2\/posts"}],"about":[{"href":"https:\/\/www.encontragranjaviana.com.br\/sobre\/wp-json\/wp\/v2\/types\/post"}],"author":[{"embeddable":true,"href":"https:\/\/www.encontragranjaviana.com.br\/sobre\/wp-json\/wp\/v2\/users\/1"}],"replies":[{"embeddable":true,"href":"https:\/\/www.encontragranjaviana.com.br\/sobre\/wp-json\/wp\/v2\/comments?post=141"}],"version-history":[{"count":0,"href":"https:\/\/www.encontragranjaviana.com.br\/sobre\/wp-json\/wp\/v2\/posts\/141\/revisions"}],"wp:attachment":[{"href":"https:\/\/www.encontragranjaviana.com.br\/sobre\/wp-json\/wp\/v2\/media?parent=141"}],"wp:term":[{"taxonomy":"category","embeddable":true,"href":"https:\/\/www.encontragranjaviana.com.br\/sobre\/wp-json\/wp\/v2\/categories?post=141"},{"taxonomy":"post_tag","embeddable":true,"href":"https:\/\/www.encontragranjaviana.com.br\/sobre\/wp-json\/wp\/v2\/tags?post=141"}],"curies":[{"name":"wp","href":"https:\/\/api.w.org\/{rel}","templated":true}]}}